{"id":18455,"date":"2009-01-02T08:48:39","date_gmt":"2009-01-02T07:48:39","guid":{"rendered":"http:\/\/www.schoene-nachrichten.de\/?p=18455"},"modified":"2009-01-02T08:48:39","modified_gmt":"2009-01-02T07:48:39","slug":"erneut-5-000-edelkrebse-in-rhoener-fliessgewaesser-eingesetzt","status":"publish","type":"post","link":"https:\/\/www.fuldaernachrichten.de\/?p=18455","title":{"rendered":"Erneut 5 000 Edelkrebse in Rh\u00f6ner Flie\u00dfgew\u00e4sser eingesetzt"},"content":{"rendered":"<p><strong>Rh\u00f6n. <\/strong>Das Artenschutzprojekt \u201eDeutscher Edelkrebs\u201c im Biosph\u00e4renreservat Rh\u00f6n macht weitere Fortschritte. Jetzt wurden erneut 5 000 einj\u00e4hrige Edelkrebse geliefert und an zehn Bachabschnitten in der Rh\u00f6n sowie in einigen Teichen ausgesetzt. Den Besatz f\u00fchrten die ehrenamtlichen Krebswarte gemeinsam mit Diplom-Biologen Christof D\u00fcmpelmann und Naturschutzwart Joachim Walter durch. <!--more--><\/p>\n<p><strong>Kontinuierlicher Prozess<\/strong><\/p>\n<p>Das Projekt ist nach Einsch\u00e4tzung von Experten eines der erfolgreichsten Wiedereinb\u00fcrgerungsprogramme im aquatischen Lebensraum der letzten Jahre. Im Jahr 2000 hatte die hessische Verwaltungsstelle des Biosph\u00e4renreservats Rh\u00f6n damit begonnen, auf die Bedeutung der heimischen Edelkrebse hinzuweisen. 2002 wurden erste Krebsbesatzma\u00dfnahmen im Teich von Lothar Keidel in W\u00fcstensachsen durchgef\u00fchrt. Zeitgleich erfolgten Kartierungsma\u00dfnahmen an den Rh\u00f6ner Flie\u00dfgew\u00e4ssern, um die Eignung der Gew\u00e4sser hinsichtlich Wasserqualit\u00e4t, Bewuchs und Lebensraumstruktur zu \u00fcberpr\u00fcfen. 2004 wurden erstmalig mittelgro\u00dfe Krebse ausgesetzt und ab 2005 diese Besatzma\u00dfnahmen durch j\u00e4hrlichen Nachbesatz stabilisiert.<\/p>\n<p>Das gesamte Projekt stand unter der Leitung des Fischereibiologen Christof D\u00fcmpelmann, der als amtlicher Fischereisachverst\u00e4ndiger eine hohe Reputation genie\u00dft. So ist es, wie Probebereusungen immer wieder dokumentieren, inzwischen gelungen, relativ stabile Best\u00e4nde zum Beispiel im Dammersbach, im Weidbach, an der N\u00fcst, an der N\u00e4sse, am D\u00f6llbach, am Igelbach und an anderen Bachsystemen aufzubauen. Im Sp\u00e4therbst 2008 konnte erstmals Nachwuchs bei den \u00e4lteren Tieren nachgewiesen werden. Durch die systematischen Bereusungsma\u00dfnahmen der ehrenamtlichen Krebswarte wurden sogar an einigen wenigen Stellen noch Restvorkommen der Edelkrebse in abgelegenen Teichen und einem M\u00fchlbach gefunden.<\/p>\n<p><strong>Zusammenarbeit ebnete Weg zum Erfolg<\/strong><\/p>\n<p>Die Kosten des Projekts teilen sich die hessische Verwaltungsstelle des Biosph\u00e4renreservats Rh\u00f6n und die Obere Fischereibeh\u00f6rde beim Regierungspr\u00e4sidium Kassel. Christof Laczny, Chef der Oberen Fischereibeh\u00f6rde, stuft das Rh\u00f6ner Krebsprojekt als das erfolgreichste Artenschutzprojekt im Bereich Flie\u00dfgew\u00e4sser im Bezirk des Regierungspr\u00e4sidiums ein. Naturschutzwart Joachim Walter macht deutlich: \u201eDer Erfolg dieses Projektes war nur m\u00f6glich, weil alle \u00fcber ihren Schatten gesprungen sind. Die ehrenamtlichen Krebswarte, die auch in den \u00f6rtlichen Angelvereinen aktiv sind, das Biosph\u00e4renreservat, die Obere Fischereibeh\u00f6rde, Hessen-Forst und die Gew\u00e4ssereigent\u00fcmer haben vertrauensvoll und eng zusammen gearbeitet.\u201c<\/p>\n<p>Einer der Initiatoren und F\u00f6rderer des Projekts ist Martin Kremer, Sachgebietsleiter Biosph\u00e4renreservat Rh\u00f6n beim Landkreis Fulda. Er sieht sich in seiner Strategie des engen Schulterschlusses mit der Oberen Fischereibeh\u00f6rde und des Einbindens eines versierten Gew\u00e4sserbiologen sowie der \u00f6rtlichen Ehrenamtlichen best\u00e4tigt. Dabei verschweigt Kremer nicht, dass dieses Projekt zur Wiederansiedlung einer bedrohten europ\u00e4ischen Tierart auch Kosten verursacht hat. Seit 2004 wurden von Biosph\u00e4renreservat und Oberer Fischereibeh\u00f6rde f\u00fcr das Projekt j\u00e4hrlich rund 5 000 Euro zur Verf\u00fcgung gestellt.<br \/>\nDass man auf das Projekt auch international aufmerksam geworden ist, zeigt die Ausrichtung der \u201eInternationalen Krebstagung 2009\u201c in Gersfeld, zu der Krebsexperten aus dem gesamten europ\u00e4ischen Raum in der Rh\u00f6n erwartet werden.<\/p>\n","protected":false},"excerpt":{"rendered":"<div class=\"tmnf_excerpt\"><p>Rh\u00f6n. Das Artenschutzprojekt \u201eDeutscher Edelkrebs\u201c im Biosph\u00e4renreservat Rh\u00f6n macht weitere Fortschritte. Jetzt wurden erneut 5 000 einj\u00e4hrige Edelkrebse geliefert und an zehn Bachabschnitten in der Rh\u00f6n sowie in einigen Teichen ausgesetzt. Den Besatz f\u00fchrten die ehrenamtlichen Krebswarte gemeinsam mit Diplom-Biologen Christof D\u00fcmpelmann und Naturschutzwart Joachim Walter durch.<\/p>\n<\/div>","protected":false},"author":1,"featured_media":0,"comment_status":"closed","ping_status":"closed","sticky":false,"template":"","format":"standard","meta":{"footnotes":""},"categories":[1,52],"tags":[],"class_list":["post-18455","post","type-post","status-publish","format-standard","hentry","category-startseite","category-umwelt"],"_links":{"self":[{"href":"https:\/\/www.fuldaernachrichten.de\/index.php?rest_route=\/wp\/v2\/posts\/18455","targetHints":{"allow":["GET"]}}],"collection":[{"href":"https:\/\/www.fuldaernachrichten.de\/index.php?rest_route=\/wp\/v2\/posts"}],"about":[{"href":"https:\/\/www.fuldaernachrichten.de\/index.php?rest_route=\/wp\/v2\/types\/post"}],"author":[{"embeddable":true,"href":"https:\/\/www.fuldaernachrichten.de\/index.php?rest_route=\/wp\/v2\/users\/1"}],"replies":[{"embeddable":true,"href":"https:\/\/www.fuldaernachrichten.de\/index.php?rest_route=%2Fwp%2Fv2%2Fcomments&post=18455"}],"version-history":[{"count":2,"href":"https:\/\/www.fuldaernachrichten.de\/index.php?rest_route=\/wp\/v2\/posts\/18455\/revisions"}],"predecessor-version":[{"id":18567,"href":"https:\/\/www.fuldaernachrichten.de\/index.php?rest_route=\/wp\/v2\/posts\/18455\/revisions\/18567"}],"wp:attachment":[{"href":"https:\/\/www.fuldaernachrichten.de\/index.php?rest_route=%2Fwp%2Fv2%2Fmedia&parent=18455"}],"wp:term":[{"taxonomy":"category","embeddable":true,"href":"https:\/\/www.fuldaernachrichten.de\/index.php?rest_route=%2Fwp%2Fv2%2Fcategories&post=18455"},{"taxonomy":"post_tag","embeddable":true,"href":"https:\/\/www.fuldaernachrichten.de\/index.php?rest_route=%2Fwp%2Fv2%2Ftags&post=18455"}],"curies":[{"name":"wp","href":"https:\/\/api.w.org\/{rel}","templated":true}]}}