{"id":18452,"date":"2009-01-01T11:26:02","date_gmt":"2009-01-01T10:26:02","guid":{"rendered":"http:\/\/www.schoene-nachrichten.de\/?p=18452"},"modified":"2009-01-01T11:26:02","modified_gmt":"2009-01-01T10:26:02","slug":"gruenbruecke-ueber-a4-soll-lebensraeume-fuer-die-wildkatze-verbinden","status":"publish","type":"post","link":"https:\/\/www.fuldaernachrichten.de\/?p=18452","title":{"rendered":"Gr\u00fcnbr\u00fccke \u00fcber A4 soll Lebensr\u00e4ume f\u00fcr die Wildkatze verbinden"},"content":{"rendered":"<p><strong>Rh\u00f6n.<\/strong> Wie der Wildkatze die R\u00fcckkehr in ihre urspr\u00fcnglichen Lebensr\u00e4ume in der Rh\u00f6n erleichtert werden kann, diskutierten jetzt zahlreiche Experten in der Propstei Zella im Th\u00fcringer Teil des Biosph\u00e4renreservates Rh\u00f6n. Auf Einladung des Vereins Rh\u00f6nNatur trafen sich Vertreter von Beh\u00f6rden und Verb\u00e4nden aus Bayern, Hessen und Th\u00fcringen zu einem Erfahrungsaustausch. Ziel der Veranstaltung war es, neben einem Erfahrungs- und Informationsaustausch konkrete Umsetzungsma\u00dfnahmen zu entwickeln und abzustimmen.<!--more--><\/p>\n<p><strong>Rettungsnetz f\u00fcr die Wildkatze<\/strong><\/p>\n<p>Der Workshop fand im Rahmen des von der Allianz Umweltstiftung und der Zoologischen Gesellschaft Frankfurt finanzierten Projektes \u201eDie Wildkatze in der Rh\u00f6n \u2013 auf leisen Pfoten in eine sichere Zukunft\u201c statt. Peter Wilde, Projektmanager der Allianz Umweltstiftung, betonte, dass das Vorhaben keinesfalls in Konkurrenz zu anderen Wildkatzenprojekten steht. Vielmehr sei das Rh\u00f6ner Projekt eine \u201eMasche\u201c in dem vom Bund f\u00fcr Umwelt und Naturschutz Deutschland (BUND) f\u00fcr ganz Deutschland entwickelten \u201eRettungsnetz f\u00fcr die Wildkatze\u201c. \u201eJe mehr Akteure sich f\u00fcr dieses Rettungsnetz stark machen, desto besser f\u00fcr die Wildkatze\u201c, meinte Wilde.<br \/>\nSchon seit einigen Jahren gibt es Hinweise auf das Vorkommen von Wildkatzen in der Rh\u00f6n. Sicher nachgewiesen werden konnte sie vor zwei Jahren durch die DNA-Analyse von Wildkatzenhaaren, die von Mitarbeitern des Biosph\u00e4renreservates in Bayern und Th\u00fcringen an eigens pr\u00e4parierten Lockst\u00f6cken gefunden wurden. In der hessischen Rh\u00f6n steht ein entsprechender Nachweis der Wildkatze noch aus.<\/p>\n<p>Nach Aussage von Matthias Metzger, Gesch\u00e4ftsf\u00fchrer des Vereins Rh\u00f6nNatur, kann die Rh\u00f6n die Funktion als Lebensraum und Wanderkorridor f\u00fcr die Wildkatze, aber auch f\u00fcr andere Arten wie Luchs oder Rotwild nur erf\u00fcllen, wenn die Verkehrstrassen, die die Rh\u00f6n von allen Seiten umschlie\u00dfen, f\u00fcr Wildtiere durchl\u00e4ssig gestaltet werden. Die starke Barrierewirkung dieser Trassen belegen unter anderem auch einige \u00fcberfahrene Wildkatzen auf der Autobahn 4 bei Friedewald. In diesem Zusammenhang wurde der gemeinsame Vortrag von Arno Sch\u00fctz von der Oberen Naturschutzbeh\u00f6rde Kassel und Werner Rohs vom Amt f\u00fcr Stra\u00dfen- und Verkehrswesen Eschwege mit besonderem Interesse verfolgt. Sie erl\u00e4uterten die Planung f\u00fcr eine Gr\u00fcnbr\u00fccke an der Autobahn 4 bei Friedewald. Die vorhandene A4 schneidet die Rh\u00f6n vom nordhessischen Bergland ab, wo die Wildkatze noch etwas h\u00e4ufiger anzutreffen ist. \u201eIm Rahmen unseres Projektes versuchen wir, die Rh\u00f6n als eine wesentliche Masche in dem Wildkatzen-Rettungsnetz an die anderen Lebensr\u00e4ume anzubinden und innerhalb der Rh\u00f6n die Lebensbedingungen f\u00fcr die Wildkatze zu erhalten und weiter zu verbessern. Die geplante Gr\u00fcnbr\u00fccke an der A4 ist dabei ein wichtiger erster Schritt, dem noch weitere folgen sollten\u201c, betonte Matthias Metzger.<\/p>\n<p><strong>Win-Win Situation<\/strong><\/p>\n<p>Die Ma\u00dfnahmen zur Verbesserung der Lebensr\u00e4ume in der Rh\u00f6n reichen dabei vom Erhalt und der Neuschaffung naturnaher, m\u00f6glichst st\u00f6rungsarmer Waldbereiche mit ausreichendem Totholz bis hin zur Anlage von Hecken als Wanderkorridore f\u00fcr Wildkatzen. Die Ma\u00dfnahmen kommen aber nicht nur der Wildkatze, sondern auch zahlreichen anderen Tier- und Pflanzenarten und nicht zuletzt auch dem Menschen zu Gute. \u201eDenn auch wir Menschen f\u00fchlen uns in einer abwechslungsreichen, naturnahen Umgebung wohler, als in monotonen ausger\u00e4umten Landschaften\u201c, erl\u00e4uterte Prof. Dr. Eckhard Jedicke, stellvertretender Vorsitzender des Vereins Rh\u00f6nNatur. In diesem Zusammenhang begr\u00fc\u00dfte er die Bem\u00fchungen der Verwaltungsstellen des Biosph\u00e4renreservates, die Kernzonen auf die erforderlichen drei Prozent der Gesamtfl\u00e4che des Schutzgebietes zu erh\u00f6hen: \u201eF\u00fcr die Wildkatze und artenreiche Lebensgemeinschaften alter Waldbest\u00e4nde sind die Kernzonen enorm wichtige Knotenpunkte, besonders wenn sie mindestens 100 Hektar gro\u00df sind.\u201c<\/p>\n","protected":false},"excerpt":{"rendered":"<div class=\"tmnf_excerpt\"><p>Rh\u00f6n. Wie der Wildkatze die R\u00fcckkehr in ihre urspr\u00fcnglichen Lebensr\u00e4ume in der Rh\u00f6n erleichtert werden kann, diskutierten jetzt zahlreiche Experten in der Propstei Zella im Th\u00fcringer Teil des Biosph\u00e4renreservates Rh\u00f6n. Auf Einladung des Vereins Rh\u00f6nNatur trafen sich Vertreter von Beh\u00f6rden und Verb\u00e4nden aus Bayern, Hessen und Th\u00fcringen zu einem Erfahrungsaustausch. Ziel der Veranstaltung war es, &hellip;<\/p>\n<\/div>","protected":false},"author":1,"featured_media":0,"comment_status":"closed","ping_status":"closed","sticky":false,"template":"","format":"standard","meta":{"footnotes":""},"categories":[1,52],"tags":[],"class_list":["post-18452","post","type-post","status-publish","format-standard","hentry","category-startseite","category-umwelt"],"_links":{"self":[{"href":"https:\/\/www.fuldaernachrichten.de\/index.php?rest_route=\/wp\/v2\/posts\/18452","targetHints":{"allow":["GET"]}}],"collection":[{"href":"https:\/\/www.fuldaernachrichten.de\/index.php?rest_route=\/wp\/v2\/posts"}],"about":[{"href":"https:\/\/www.fuldaernachrichten.de\/index.php?rest_route=\/wp\/v2\/types\/post"}],"author":[{"embeddable":true,"href":"https:\/\/www.fuldaernachrichten.de\/index.php?rest_route=\/wp\/v2\/users\/1"}],"replies":[{"embeddable":true,"href":"https:\/\/www.fuldaernachrichten.de\/index.php?rest_route=%2Fwp%2Fv2%2Fcomments&post=18452"}],"version-history":[{"count":3,"href":"https:\/\/www.fuldaernachrichten.de\/index.php?rest_route=\/wp\/v2\/posts\/18452\/revisions"}],"predecessor-version":[{"id":18553,"href":"https:\/\/www.fuldaernachrichten.de\/index.php?rest_route=\/wp\/v2\/posts\/18452\/revisions\/18553"}],"wp:attachment":[{"href":"https:\/\/www.fuldaernachrichten.de\/index.php?rest_route=%2Fwp%2Fv2%2Fmedia&parent=18452"}],"wp:term":[{"taxonomy":"category","embeddable":true,"href":"https:\/\/www.fuldaernachrichten.de\/index.php?rest_route=%2Fwp%2Fv2%2Fcategories&post=18452"},{"taxonomy":"post_tag","embeddable":true,"href":"https:\/\/www.fuldaernachrichten.de\/index.php?rest_route=%2Fwp%2Fv2%2Ftags&post=18452"}],"curies":[{"name":"wp","href":"https:\/\/api.w.org\/{rel}","templated":true}]}}