{"id":1845,"date":"2007-02-24T00:23:33","date_gmt":"2007-02-23T23:23:33","guid":{"rendered":"http:\/\/www.schoene-nachrichten.de\/?p=1845"},"modified":"2007-02-24T00:27:09","modified_gmt":"2007-02-23T23:27:09","slug":"filzworkshop-fuer-fortgeschrittene","status":"publish","type":"post","link":"https:\/\/www.fuldaernachrichten.de\/?p=1845","title":{"rendered":"Filzworkshop f\u00fcr Fortgeschrittene"},"content":{"rendered":"<p><strong>Termin.<\/strong>\u00c2\u00a0Einen Filzworkshop f\u00fcr Fortgeschrittene Erwachsene\u00c2\u00a0bietet das\u00c2\u00a0Umweltzentrum Fulda am Samstag, dem 10. M\u00e4rz, an. Der Workshop dauert von 10.30 bis 17.00 Uhr, die Teilnahmegeb\u00fchr betr\u00e4gt 45 Euro incl. Materialkosten.\u00c2\u00a0Der Workshop wird\u00c2\u00a0von\u00c2\u00a0Rosemarie Wegwerth\u00c2\u00a0geleitet. Hergestellt werden Osterdeko oder kleine Geschenke. Mitzubringen sind\u00c2\u00a0zwei Handt\u00fccher und eine Plastiktasche sowie Proviant.\u00c2\u00a0Da die\u00c2\u00a0Teilnehmerzahl begrenzt ist, bitten die Organisatoren um Anmeldung unter Tel. 06643 \/ 1275 oder E-mail: <a href=\"mailto:filzfarbeform@gmx.de\">filzfarbeform@gmx.de<\/a><\/p>\n<p><a target=\"_blank\" href=\"http:\/\/www.schoene-nachrichten.de\/wp-content\/uploads\/2007\/02\/070223-filzen.jpg\" title=\"Foto: Umweltzentrum Fulda\"><img decoding=\"async\" src=\"http:\/\/www.schoene-nachrichten.de\/wp-content\/uploads\/2007\/02\/070223-filzen.thumbnail.jpg\" alt=\"070223-filzen.jpg\" \/><\/a>\u00c2\u00a0<\/p>\n","protected":false},"excerpt":{"rendered":"<div class=\"tmnf_excerpt\"><p>Termin.\u00c2\u00a0Einen Filzworkshop f\u00fcr Fortgeschrittene Erwachsene\u00c2\u00a0bietet das\u00c2\u00a0Umweltzentrum Fulda am Samstag, dem 10. M\u00e4rz, an. Der Workshop dauert von 10.30 bis 17.00 Uhr, die Teilnahmegeb\u00fchr betr\u00e4gt 45 Euro incl. Materialkosten.\u00c2\u00a0Der Workshop wird\u00c2\u00a0von\u00c2\u00a0Rosemarie Wegwerth\u00c2\u00a0geleitet. Hergestellt werden Osterdeko oder kleine Geschenke. Mitzubringen sind\u00c2\u00a0zwei Handt\u00fccher und eine Plastiktasche sowie Proviant.\u00c2\u00a0Da die\u00c2\u00a0Teilnehmerzahl begrenzt ist, bitten die Organisatoren um Anmeldung unter Tel. &hellip;<\/p>\n<\/div>","protected":false},"author":1,"featured_media":0,"comment_status":"closed","ping_status":"closed","sticky":false,"template":"","format":"standard","meta":{"footnotes":""},"categories":[1],"tags":[],"class_list":["post-1845","post","type-post","status-publish","format-standard","hentry","category-startseite"],"_links":{"self":[{"href":"https:\/\/www.fuldaernachrichten.de\/index.php?rest_route=\/wp\/v2\/posts\/1845","targetHints":{"allow":["GET"]}}],"collection":[{"href":"https:\/\/www.fuldaernachrichten.de\/index.php?rest_route=\/wp\/v2\/posts"}],"about":[{"href":"https:\/\/www.fuldaernachrichten.de\/index.php?rest_route=\/wp\/v2\/types\/post"}],"author":[{"embeddable":true,"href":"https:\/\/www.fuldaernachrichten.de\/index.php?rest_route=\/wp\/v2\/users\/1"}],"replies":[{"embeddable":true,"href":"https:\/\/www.fuldaernachrichten.de\/index.php?rest_route=%2Fwp%2Fv2%2Fcomments&post=1845"}],"version-history":[{"count":0,"href":"https:\/\/www.fuldaernachrichten.de\/index.php?rest_route=\/wp\/v2\/posts\/1845\/revisions"}],"wp:attachment":[{"href":"https:\/\/www.fuldaernachrichten.de\/index.php?rest_route=%2Fwp%2Fv2%2Fmedia&parent=1845"}],"wp:term":[{"taxonomy":"category","embeddable":true,"href":"https:\/\/www.fuldaernachrichten.de\/index.php?rest_route=%2Fwp%2Fv2%2Fcategories&post=1845"},{"taxonomy":"post_tag","embeddable":true,"href":"https:\/\/www.fuldaernachrichten.de\/index.php?rest_route=%2Fwp%2Fv2%2Ftags&post=1845"}],"curies":[{"name":"wp","href":"https:\/\/api.w.org\/{rel}","templated":true}]}}