{"id":184496,"date":"2020-06-28T09:48:41","date_gmt":"2020-06-28T07:48:41","guid":{"rendered":"http:\/\/www.fuldaer-nachrichten.de\/?p=184496"},"modified":"2020-06-28T09:48:41","modified_gmt":"2020-06-28T07:48:41","slug":"wettbewerb-um-elisabeth-preis-der-caritas-fulda-laeuft-noch-bis-mitte-august-gesucht-werden-herausragende-beispielhafte-hilfsprojekte-aus-dem-gebiet-des-bistums-fulda-mit-ehrenamtlich-beteiligten","status":"publish","type":"post","link":"https:\/\/www.fuldaernachrichten.de\/?p=184496","title":{"rendered":"Wettbewerb um Elisabeth-Preis der Caritas Fulda l\u00e4uft noch bis Mitte August &#8211; Gesucht werden herausragende beispielhafte Hilfsprojekte aus dem Gebiet des Bistums Fulda mit ehrenamtlich Beteiligten \u2013 Bewerbungsportal online"},"content":{"rendered":"<p>Noch bis zum 15. August l\u00e4uft der diesj\u00e4hrige Wettbewerb um den Elisabeth-Preis des Caritasverbandes f\u00fcr die Di\u00f6zese Fulda: Wie in den Vorjahren sucht die Caritas auf dem Gebiet des Bistums Fulda innovative Hilfsprojekte und Initiativen, welche \u2013 verbunden mit ehrenamtlichem Engagement \u2013 hilfebed\u00fcrftigen Menschen auf beispielhafte und effiziente Weise Unterst\u00fctzung sowie Hilfe zur Selbsthilfe bieten. Der Wettbewerb um den Elisabeth-Preis nimmt das Motto \u201eSei gut, Mensch!\u201c der aktuellen Caritas-Jahreskampagne auf: ein Pl\u00e4doyer f\u00fcr einen freundlichen und zugewandten Umgang miteinander. Jedes Projekt und jede Initiative, die passend zu diesem Motto Menschen mit Hilfebedarf Unterst\u00fctzung anbieten, k\u00f6nnen sich am Wettbewerb beteiligen.<\/p>\n<p>Die Bewerbung ist schnell gemacht: Die n\u00f6tigen Bewerbungsunterlagen und Erl\u00e4uterungen finden Interessierte online unter <a href=\"http:\/\/www.caritas-fulda.de\/\">www.caritas-fulda.de<\/a>: Bitte dazu einfach auf der Startseite die Kachel \u201eElisabeth-Preis\u201c anklicken. Die Bewerbungsunterlagen k\u00f6nnen unmittelbar am Bildschirm ausgef\u00fcllt und einschlie\u00dflich hinzuzuf\u00fcgender Anh\u00e4nge online versandt werden. Selbstverst\u00e4ndlich ist es aber auch m\u00f6glich, die Unterlagen zum Ausf\u00fcllen und Einsenden herunterzuladen und auszudrucken. Ein Preisgeld von insgesamt 3.000 Euro ist ausgeschrieben und geht an den oder die Gewinner-Projekte. Die Preisverleihung erfolgt im November \u2013 der Rahmen der \u00dcbergabe steht wegen der Corona-Pandemie derzeit noch nicht fest.<\/p>\n<div>\n<p>&nbsp;<\/p>\n<\/div>\n","protected":false},"excerpt":{"rendered":"<div class=\"tmnf_excerpt\"><p>Noch bis zum 15. August l\u00e4uft der diesj\u00e4hrige Wettbewerb um den Elisabeth-Preis des Caritasverbandes f\u00fcr die Di\u00f6zese Fulda: Wie in den Vorjahren sucht die Caritas auf dem Gebiet des Bistums Fulda innovative Hilfsprojekte und Initiativen, welche \u2013 verbunden mit ehrenamtlichem Engagement \u2013 hilfebed\u00fcrftigen Menschen auf beispielhafte und effiziente Weise Unterst\u00fctzung sowie Hilfe zur Selbsthilfe bieten. &hellip;<\/p>\n<\/div>","protected":false},"author":1,"featured_media":184497,"comment_status":"closed","ping_status":"closed","sticky":false,"template":"","format":"standard","meta":{"footnotes":""},"categories":[1],"tags":[],"class_list":["post-184496","post","type-post","status-publish","format-standard","has-post-thumbnail","hentry","category-startseite"],"_links":{"self":[{"href":"https:\/\/www.fuldaernachrichten.de\/index.php?rest_route=\/wp\/v2\/posts\/184496","targetHints":{"allow":["GET"]}}],"collection":[{"href":"https:\/\/www.fuldaernachrichten.de\/index.php?rest_route=\/wp\/v2\/posts"}],"about":[{"href":"https:\/\/www.fuldaernachrichten.de\/index.php?rest_route=\/wp\/v2\/types\/post"}],"author":[{"embeddable":true,"href":"https:\/\/www.fuldaernachrichten.de\/index.php?rest_route=\/wp\/v2\/users\/1"}],"replies":[{"embeddable":true,"href":"https:\/\/www.fuldaernachrichten.de\/index.php?rest_route=%2Fwp%2Fv2%2Fcomments&post=184496"}],"version-history":[{"count":1,"href":"https:\/\/www.fuldaernachrichten.de\/index.php?rest_route=\/wp\/v2\/posts\/184496\/revisions"}],"predecessor-version":[{"id":184498,"href":"https:\/\/www.fuldaernachrichten.de\/index.php?rest_route=\/wp\/v2\/posts\/184496\/revisions\/184498"}],"wp:featuredmedia":[{"embeddable":true,"href":"https:\/\/www.fuldaernachrichten.de\/index.php?rest_route=\/wp\/v2\/media\/184497"}],"wp:attachment":[{"href":"https:\/\/www.fuldaernachrichten.de\/index.php?rest_route=%2Fwp%2Fv2%2Fmedia&parent=184496"}],"wp:term":[{"taxonomy":"category","embeddable":true,"href":"https:\/\/www.fuldaernachrichten.de\/index.php?rest_route=%2Fwp%2Fv2%2Fcategories&post=184496"},{"taxonomy":"post_tag","embeddable":true,"href":"https:\/\/www.fuldaernachrichten.de\/index.php?rest_route=%2Fwp%2Fv2%2Ftags&post=184496"}],"curies":[{"name":"wp","href":"https:\/\/api.w.org\/{rel}","templated":true}]}}