{"id":184474,"date":"2020-06-28T09:41:58","date_gmt":"2020-06-28T07:41:58","guid":{"rendered":"http:\/\/www.fuldaer-nachrichten.de\/?p=184474"},"modified":"2020-06-28T09:41:58","modified_gmt":"2020-06-28T07:41:58","slug":"wasserspielplatz-bleibt-bis-auf-weiteres-geschlossen","status":"publish","type":"post","link":"https:\/\/www.fuldaernachrichten.de\/?p=184474","title":{"rendered":"Wasserspielplatz bleibt bis auf Weiteres geschlossen"},"content":{"rendered":"<p>Das Land Hessen hat Zuge der Lockerung von Corona-Bestimmungen die \u00d6ffnung von Schwimmb\u00e4dern unter bestimmten Bedingungen erm\u00f6glicht \u2013 der Fuldaer Wasserspielplatz an der Wiesenm\u00fchle\/Tr\u00e4nke sowie das Wassertretbecken am Umweltzentrum bleiben jedoch bis auf Weiteres geschlossen.<\/p>\n<p>Wie das zust\u00e4ndige Amt f\u00fcr Gr\u00fcnfl\u00e4chen und Stadtservice mitteilt, sind die erforderlichen Abstandsregeln und Hygienema\u00dfnahmen aufgrund der beengten Platzverh\u00e4ltnisse an den beiden Anlagen nicht umsetzbar und die daf\u00fcr n\u00f6tige Aufsicht auch personell nicht leistbar. Die Stadt Fulda bittet um Verst\u00e4ndnis, dass mit Blick auf einen effektiven Infektionsschutz eine \u00d6ffnung derzeit nicht m\u00f6glich ist.<\/p>\n<p>Fall es je nach Entwicklung der Pandemie eine Neubewertung der Regeln durch das Land Hessen geben sollte, wird die M\u00f6glichkeit einer \u00d6ffnung von Wasserspielplatz und Wassertretbecken erneut gepr\u00fcft werden. Ein Trost f\u00fcr alle kleinen Wasserratten: Ab 22. Juni \u00f6ffnet das Rosenbad wieder seine Pforten. Alle Infos hierzu unter www.re-fd.de\/freibad-rosenau<\/p>\n","protected":false},"excerpt":{"rendered":"<div class=\"tmnf_excerpt\"><p>Das Land Hessen hat Zuge der Lockerung von Corona-Bestimmungen die \u00d6ffnung von Schwimmb\u00e4dern unter bestimmten Bedingungen erm\u00f6glicht \u2013 der Fuldaer Wasserspielplatz an der Wiesenm\u00fchle\/Tr\u00e4nke sowie das Wassertretbecken am Umweltzentrum bleiben jedoch bis auf Weiteres geschlossen. Wie das zust\u00e4ndige Amt f\u00fcr Gr\u00fcnfl\u00e4chen und Stadtservice mitteilt, sind die erforderlichen Abstandsregeln und Hygienema\u00dfnahmen aufgrund der beengten Platzverh\u00e4ltnisse an &hellip;<\/p>\n<\/div>","protected":false},"author":1,"featured_media":184475,"comment_status":"closed","ping_status":"closed","sticky":false,"template":"","format":"standard","meta":{"footnotes":""},"categories":[1],"tags":[],"class_list":["post-184474","post","type-post","status-publish","format-standard","has-post-thumbnail","hentry","category-startseite"],"_links":{"self":[{"href":"https:\/\/www.fuldaernachrichten.de\/index.php?rest_route=\/wp\/v2\/posts\/184474","targetHints":{"allow":["GET"]}}],"collection":[{"href":"https:\/\/www.fuldaernachrichten.de\/index.php?rest_route=\/wp\/v2\/posts"}],"about":[{"href":"https:\/\/www.fuldaernachrichten.de\/index.php?rest_route=\/wp\/v2\/types\/post"}],"author":[{"embeddable":true,"href":"https:\/\/www.fuldaernachrichten.de\/index.php?rest_route=\/wp\/v2\/users\/1"}],"replies":[{"embeddable":true,"href":"https:\/\/www.fuldaernachrichten.de\/index.php?rest_route=%2Fwp%2Fv2%2Fcomments&post=184474"}],"version-history":[{"count":1,"href":"https:\/\/www.fuldaernachrichten.de\/index.php?rest_route=\/wp\/v2\/posts\/184474\/revisions"}],"predecessor-version":[{"id":184476,"href":"https:\/\/www.fuldaernachrichten.de\/index.php?rest_route=\/wp\/v2\/posts\/184474\/revisions\/184476"}],"wp:featuredmedia":[{"embeddable":true,"href":"https:\/\/www.fuldaernachrichten.de\/index.php?rest_route=\/wp\/v2\/media\/184475"}],"wp:attachment":[{"href":"https:\/\/www.fuldaernachrichten.de\/index.php?rest_route=%2Fwp%2Fv2%2Fmedia&parent=184474"}],"wp:term":[{"taxonomy":"category","embeddable":true,"href":"https:\/\/www.fuldaernachrichten.de\/index.php?rest_route=%2Fwp%2Fv2%2Fcategories&post=184474"},{"taxonomy":"post_tag","embeddable":true,"href":"https:\/\/www.fuldaernachrichten.de\/index.php?rest_route=%2Fwp%2Fv2%2Ftags&post=184474"}],"curies":[{"name":"wp","href":"https:\/\/api.w.org\/{rel}","templated":true}]}}