{"id":18441,"date":"2009-01-05T06:00:17","date_gmt":"2009-01-05T05:00:17","guid":{"rendered":"http:\/\/www.schoene-nachrichten.de\/?p=18441"},"modified":"2009-01-05T06:04:43","modified_gmt":"2009-01-05T05:04:43","slug":"3000-euro-fuer-projekte-im-sinne-der-idee-des-biosphaerenreservats-rhoen","status":"publish","type":"post","link":"https:\/\/www.fuldaernachrichten.de\/?p=18441","title":{"rendered":"3000 Euro f\u00fcr Projekte im Sinne der Idee des Biosph\u00e4renreservats Rh\u00f6n"},"content":{"rendered":"<p><a href=\"http:\/\/www.schoene-nachrichten.de\/wp-content\/uploads\/2009\/01\/090105_rhoen.jpg\"><img decoding=\"async\" class=\"alignnone size-medium wp-image-18666\" title=\"090105_rhoen\" src=\"http:\/\/www.schoene-nachrichten.de\/wp-content\/uploads\/2009\/01\/090105_rhoen.jpg\" alt=\"090105_rhoen\" width=\"560\" srcset=\"https:\/\/www.fuldaernachrichten.de\/wp-content\/uploads\/2009\/01\/090105_rhoen.jpg 550w, https:\/\/www.fuldaernachrichten.de\/wp-content\/uploads\/2009\/01\/090105_rhoen-265x110.jpg 265w\" sizes=\"(max-width: 550px) 100vw, 550px\" \/><\/a><\/p>\n<p><strong>Wildflecken\/Oberbach. <\/strong> Der Regierungspr\u00e4sident der Regierung von Unterfranken, Dr. Paul Beinhofer, hat am Mittwoch in der Informationsstelle des Biosph\u00e4renreservates Rh\u00f6n \u201eHaus der Schwarzen Berge\u201c den \u201eBiosph\u00e4renpreis 2008\u201c \u00fcbergeben, den sich drei Projektinitiativen teilen. Der \u201eBiosph\u00e4renpreis\u201c w\u00fcrdigt Projekte und Initiativen, die die Idee des Biosph\u00e4renreservates Rh\u00f6n vorbildlich umsetzen und zeigen, dass Interessen des Umwelt- und Naturschutzes sowie wirtschaftliche und soziale Interessen erfolgreich miteinander in Einklang gebracht werden k\u00f6nnen.<!--more--><\/p>\n<p><strong>Mensch steht im Mittelpunkt <\/strong><br \/>\n\u201eIn einem von der UNESCO anerkannten Biosph\u00e4renreservat steht der Mensch im Mittelpunkt\u201c, sagte Dr. Paul Beinhofer. \u201eDas ist auch richtig so, weil wir alle mit unseren t\u00e4glichen Entscheidungen ein St\u00fcck Verantwortung f\u00fcr unsere Region und unsere eigene Umwelt- und Lebensqualit\u00e4t tragen. Natur- und Umweltschutz \u2013 zumal in einer vom Menschen gepr\u00e4gten Kulturlandschaft \u2013 kann nur mit den Menschen gemeinsam gelingen\u201c, betonte er. Die Rh\u00f6n habe sich l\u00e4ngst ihre Werte selbst gegeben \u2013 n\u00e4mlich die einer nachhaltigen Entwicklung. Das Ziel des Biosph\u00e4renreservates Rh\u00f6n sei es daher, \u00d6kologie, \u00d6konomie und soziale Belange gleicherma\u00dfen zu ber\u00fccksichtigen. Genau diese Verbindung w\u00fcrdige der \u201eBiosph\u00e4renpreis\u201c, der insgesamt mit 3 000 Euro dotiert ist.<br \/>\nBis zum 30. September konnten herausragende Projekte \u2013 allerdings nur von Dritten wie bei der Oscarverleihung \u2013 vorgeschlagen werden. Bei der Bewertung wurde auch darauf geachtet, dass sie mit anderen Aktivit\u00e4ten in der Region m\u00f6glichst gut vernetzt sind, eine Vorbildfunktion haben, andere zum Nachahmen anregen und innovativ und originell sind.<\/p>\n<p>Der erste Preis mit einem Preisgeld in H\u00f6he von 1 500 Euro geht an das <strong>Projekt \u201eKindergruppe Natur und Umwelt\u201c <\/strong>der ehrenamtlichen Elterninitiative Sulzthal. Seit 1990 f\u00fchren hier M\u00fctter und V\u00e4ter umweltorientierte Veranstaltungen mit Kindern aus dem Ort durch. Das Ziel ist es, ihnen Begeisterung f\u00fcr die Natur und f\u00fcr ihre Heimat zu vermitteln. Neben den Themen Natur und Umwelt werden den Kindern auch die Gebiete nachhaltiges Wirtschaften, Ern\u00e4hrung, Zukunftsplanung, Globalisierung, Agenda 21, Wohlstandsgesellschaft und Konsumverhalten sowie der Umgang mit M\u00fcll nahe gebracht. Zu den Aktivit\u00e4ten geh\u00f6ren au\u00dferdem das S\u00e4ubern der Fluren von Unrat, die Biotoppflege und der Nistkastenbau. Der \u00f6kologische Beitrag des Projekts liege in der Sensibilisierung der Kinder f\u00fcr ihre Umwelt im eigenen Dorf. \u201eMan sch\u00e4tzt nur, was man kennt, und man sch\u00fctzt nur, was man sch\u00e4tzt\u201c, meinte der Regierungspr\u00e4sident bei der Preisverleihung. In einem effizienten und sparsamen Umgang mit den Rohstoffen liege der \u00f6konomische Beitrag des Projektes. Die Kinder w\u00fcrden lernen, da\u00df dieses Prinzip auch im allt\u00e4glichen Leben wichtig und notwendig sei. Ganz herausragend sei der soziale Aspekt: Der ehrenamtliche Zusammenschluss von Eltern f\u00fchre die Kinder spielerisch an \u00f6kologische Themen heran. Das Mitwirken in einer Gruppe erm\u00f6gliche es ihnen, soziale Kompetenz zu erwerben. Die gemischte Altersstruktur zwischen sechs und 13 Jahren erfordere gegenseitige R\u00fccksichtnahme, wodurch sie wiederum in ihrer Entwicklung profitieren.<\/p>\n<p>Mit dem 2. Preis und einem Preisgeld von 1 000 Euro wird das <strong>Projekt \u201eSchwimmbad Sch\u00f6nau\u201c<\/strong> gew\u00fcrdigt, das vom Verein \u201eSchwimmbadfreunde Sch\u00f6nau e.V.\u201c initiiert wurde. Der Verein wurde gegr\u00fcndet, da die Kommune das Freibad aus finanziellen Gr\u00fcnden schlie\u00dfen musste. Inzwischen sind die \u201eSchwimmbadfreunde Sch\u00f6nau e.V.\u201c auf 240 Mitglieder angewachsen. Durch den Einbau einer Solaranlage zur Erw\u00e4rmung des Wassers werden pro Jahr rund 12 000 Liter Heiz\u00f6l gespart. Mit ehrenamtlichem, b\u00fcrgerschaftlichem Engagement konnte somit eine ehemals kommunale Freizeitinfrastruktur erhalten werden. Die Attraktivit\u00e4t der Gemeinde als Wohn- und Tourismusort wird gest\u00e4rkt. Das angegliederte Schwimmbadcaf\u00e9 lie\u00df mehrere Arbeitspl\u00e4tze entstehen. \u201eBei der Arbeit am Projekt und beim Betrieb ist die Notwendigkeit einer Gemeinschaftsaktion deutlich geworden. Das Schwimmbad Sch\u00f6nau ist ein Modellprojekt f\u00fcr das Motto \u201eGemeinschaft macht stark\u201c, hob Dr. Paul Beinhofer hervor.<\/p>\n<p>Ein Preisgeld von 500 Euro erh\u00e4lt als 3. Preis die Kreisgruppe Bad Kissingen des Bund Naturschutz in Bayern e.V. f\u00fcr das <strong>Projekt \u201eSINNallianz \u2013 Oberes Sinntal\/Rh\u00f6n\u201c<\/strong>. Hierbei handelt es sich um ein umfangreiches Gemeinschaftsprojekt zur Erhaltung und Optimierung eines Flie\u00dfgew\u00e4sserlaufs. 30 Hektar angekaufte Uferrandgrundst\u00fccke geben der Sinn wieder Raum f\u00fcr typische Strukturelemente wie Kiesb\u00e4nke, Uferabbr\u00fcche, Totholzeinlagerungen, Feuchtwiesen und Auw\u00e4lder. Dadurch werden auch die Lebensbedingungen f\u00fcr Bachneunauge, Schwarzstorch, Eisvogel und Biber verbessert. Der \u00f6konomische Beitrag des Projekts liegt in der Schaffung von Retentionsr\u00e4umen zur Verringerung von Hochwasserspitzen. Mit der zus\u00e4tzlichen Etablierung einer ganzj\u00e4hrigen extensiven Rinderbeweidung auf rund 80 Hektar Projektgebiet bei Eckarts\/Wernarz ist ein zukunftsweisendes Projekt zur regionalen Wertsch\u00f6pfung aus der Landwirtschaft entstanden. Auch der Freizeit- und Erlebniswert des Sinntales wird mit dem nat\u00fcrlichen, dynamischen Gew\u00e4sserlauf gef\u00f6rdert. Das Projekt, w\u00fcrdigte der Regierungspr\u00e4sident, stehe f\u00fcr die Zusammenarbeit aller verantwortlichen Beh\u00f6rden und Interessengruppen, der Kommunen, der Landwirte, aller Grundst\u00fcckseigent\u00fcmer und gro\u00dfer Teile der Bev\u00f6lkerung.<\/p>\n<p>Die von der Bayerischen Verwaltungsstelle des Biosph\u00e4renreservates Rh\u00f6n ausgereichten Preisgelder dienen der Anerkennung der Projekte und aller beteiligten Akteurinnen und Akteure. Sie m\u00fcssen von der jeweiligen Projektinitiative innerhalb eines Jahres im Sinne der Idee des Biosph\u00e4renreservates Rh\u00f6n f\u00fcr das konkrete Projekt ausgegeben werden.<br \/>\nDie Preisverleihung nahmen neben Regierungspr\u00e4sident Dr. Paul Beinhofer auch der Leiter der Bayerischen Verwaltungsstelle des Biosph\u00e4renreservats Rh\u00f6n, Regierungsdirektor Michael Geier, und der stellvertretende Landrat des Landkreises Bad Kissingen, Emil M\u00fcller, vor. Musikalisch wurde die Festveranstaltung von Daniel Hansul auf der klassischen Gitarre umrahmt.<\/p>\n<p><strong>Bild:<\/strong> Den Biosph\u00e4renpreis 2008 nahmen aus den H\u00e4nden von Regierungspr\u00e4sident Dr. Paul Beinhofer (links) und dem Leiter der Bayerischen Verwaltungsstelle des Biosph\u00e4renreservats Rh\u00f6n, Regierungsdirektor Michael Geier (rechts), Armin M\u00e4rkert, Schwimmbadfreunde Sch\u00f6nau e.V., Gabriele Morath-Halbig, Elterninitiative Sulzthal, Kindergruppe Natur und Umwelt und Franz Zang, Bund Naturschutz e.V., Kreisgruppe Bad Kissingen, entgegen (von links).<\/p>\n","protected":false},"excerpt":{"rendered":"<div class=\"tmnf_excerpt\"><p>Wildflecken\/Oberbach. Der Regierungspr\u00e4sident der Regierung von Unterfranken, Dr. Paul Beinhofer, hat am Mittwoch in der Informationsstelle des Biosph\u00e4renreservates Rh\u00f6n \u201eHaus der Schwarzen Berge\u201c den \u201eBiosph\u00e4renpreis 2008\u201c \u00fcbergeben, den sich drei Projektinitiativen teilen. Der \u201eBiosph\u00e4renpreis\u201c w\u00fcrdigt Projekte und Initiativen, die die Idee des Biosph\u00e4renreservates Rh\u00f6n vorbildlich umsetzen und zeigen, dass Interessen des Umwelt- und Naturschutzes sowie &hellip;<\/p>\n<\/div>","protected":false},"author":1,"featured_media":0,"comment_status":"closed","ping_status":"closed","sticky":false,"template":"","format":"standard","meta":{"footnotes":""},"categories":[1,29,78,52],"tags":[],"class_list":["post-18441","post","type-post","status-publish","format-standard","hentry","category-startseite","category-politik","category-topthema","category-umwelt"],"_links":{"self":[{"href":"https:\/\/www.fuldaernachrichten.de\/index.php?rest_route=\/wp\/v2\/posts\/18441","targetHints":{"allow":["GET"]}}],"collection":[{"href":"https:\/\/www.fuldaernachrichten.de\/index.php?rest_route=\/wp\/v2\/posts"}],"about":[{"href":"https:\/\/www.fuldaernachrichten.de\/index.php?rest_route=\/wp\/v2\/types\/post"}],"author":[{"embeddable":true,"href":"https:\/\/www.fuldaernachrichten.de\/index.php?rest_route=\/wp\/v2\/users\/1"}],"replies":[{"embeddable":true,"href":"https:\/\/www.fuldaernachrichten.de\/index.php?rest_route=%2Fwp%2Fv2%2Fcomments&post=18441"}],"version-history":[{"count":6,"href":"https:\/\/www.fuldaernachrichten.de\/index.php?rest_route=\/wp\/v2\/posts\/18441\/revisions"}],"predecessor-version":[{"id":18664,"href":"https:\/\/www.fuldaernachrichten.de\/index.php?rest_route=\/wp\/v2\/posts\/18441\/revisions\/18664"}],"wp:attachment":[{"href":"https:\/\/www.fuldaernachrichten.de\/index.php?rest_route=%2Fwp%2Fv2%2Fmedia&parent=18441"}],"wp:term":[{"taxonomy":"category","embeddable":true,"href":"https:\/\/www.fuldaernachrichten.de\/index.php?rest_route=%2Fwp%2Fv2%2Fcategories&post=18441"},{"taxonomy":"post_tag","embeddable":true,"href":"https:\/\/www.fuldaernachrichten.de\/index.php?rest_route=%2Fwp%2Fv2%2Ftags&post=18441"}],"curies":[{"name":"wp","href":"https:\/\/api.w.org\/{rel}","templated":true}]}}