{"id":184026,"date":"2020-04-17T14:15:38","date_gmt":"2020-04-17T12:15:38","guid":{"rendered":"http:\/\/fuldaer-nachrichten.de\/?p=184026"},"modified":"2020-04-17T14:15:38","modified_gmt":"2020-04-17T12:15:38","slug":"das-leben-kehrt-zurueck-in-die-huenfelder-innenstadt","status":"publish","type":"post","link":"https:\/\/www.fuldaernachrichten.de\/?p=184026","title":{"rendered":"Das Leben kehrt zur\u00fcck in die H\u00fcnfelder Innenstadt"},"content":{"rendered":"<p>Das Leben kehrt in die H\u00fcnfelder Innenstadt zur\u00fcck. Wie die Vorsitzende des Vereins Citymarketing e. V., Gitta Grafe-Hodes, und B\u00fcrgermeister Benjamin Tschesnok in einer gemeinsamen Presseerkl\u00e4rung schreiben, freuen sich die Einzelh\u00e4ndler darauf, ihre treuen Kunden wieder beraten zu k\u00f6nnen.<\/p>\n<p>Die \u00d6ffnung von Gesch\u00e4ften bis 800 Quadratmeter Verkaufsfl\u00e4che sei ein erster vorsichtiger Schritt zur R\u00fcckkehr zur Normalit\u00e4t im Zeichen der Corona-Pandemie. Um die Erfolge der schmerzvollen Einschnitte der letzten Wochen nicht zu gef\u00e4hrden, sei es allerdings notwendig, dass Ladeninhaber und Kunden sich strikt an die Hygienema\u00dfnahmen und Vorsichtsregeln hielten. Die Gesch\u00e4ftsinhaber w\u00fcrden Vorkehrungen treffen, um weder die Kunden, noch sich und die Mitarbeiter zu gef\u00e4hrden. Deshalb sei es wichtig, die Verordnungen und Regeln einzuhalten. Das bedeute auch, dass nur eine begrenzte Zahl von Kunden gleichzeitig in die Gesch\u00e4fte eingelassen werden k\u00f6nnten.<\/p>\n<p>Trotzdem hoffen Stadt und Citymarketing nach den Worten von Tschesnok und Gitta Grafe-Hodes, dass damit ein weiterer Schritt zur Belebung der Innenstadt gelingen k\u00f6nne. Die Gesch\u00e4ftsinhaber h\u00e4tten viel Verst\u00e4ndnis f\u00fcr die Schlie\u00dfung in den letzten Wochen aufgebracht, auch wenn dies f\u00fcr die Betriebe mit gro\u00dfen wirtschaftlichen Einbu\u00dfen verbunden gewesen sei. Jetzt bestehe die Hoffnung, dass die treuen Kunden zur\u00fcckkehrten und wieder den vertrauten Service und die hohe Beratungsqualit\u00e4t in den meist Inhaber gef\u00fchrten Einzelhandelsgesch\u00e4ften in Anspruch nehmen k\u00f6nnten, so Gitta Grafe-Hodes. In den letzten Wochen zur\u00fcckgestellte Anschaffungen und Eink\u00e4ufe seien jetzt wieder mit gewohnter Servicequalit\u00e4t m\u00f6glich.<\/p>\n<p>Citymarketing und Stadt hoffen, dass die weitere Entwicklung der Pandemie es auch bald zulassen wird, dass auch Caf\u00e9s und Gastst\u00e4tten wieder ge\u00f6ffnet werden k\u00f6nnten. Bis dahin sei es aber m\u00f6glich, die Lieferdienste und Abholm\u00f6glichkeiten in Anspruch zu nehmen. Gemeinsam h\u00e4tten sich Stadt und Citymarketing entschieden, den H\u00fcnfelder Marktplatz auf der st\u00e4dtischen Website unter huenfeld.de beizubehalten, um die Kunden \u00fcber die Vielfalt des Angebotes zu informieren. Sie hoffe, dass m\u00f6glichst viele Gesch\u00e4ftsinhaber davon Gebrauch machten, erkl\u00e4rte Grafe-Hodes abschlie\u00dfend.<\/p>\n","protected":false},"excerpt":{"rendered":"<div class=\"tmnf_excerpt\"><p>Das Leben kehrt in die H\u00fcnfelder Innenstadt zur\u00fcck. Wie die Vorsitzende des Vereins Citymarketing e. V., Gitta Grafe-Hodes, und B\u00fcrgermeister Benjamin Tschesnok in einer gemeinsamen Presseerkl\u00e4rung schreiben, freuen sich die Einzelh\u00e4ndler darauf, ihre treuen Kunden wieder beraten zu k\u00f6nnen. Die \u00d6ffnung von Gesch\u00e4ften bis 800 Quadratmeter Verkaufsfl\u00e4che sei ein erster vorsichtiger Schritt zur R\u00fcckkehr zur &hellip;<\/p>\n<\/div>","protected":false},"author":1,"featured_media":184027,"comment_status":"closed","ping_status":"closed","sticky":false,"template":"","format":"standard","meta":{"footnotes":""},"categories":[1],"tags":[],"class_list":["post-184026","post","type-post","status-publish","format-standard","has-post-thumbnail","hentry","category-startseite"],"_links":{"self":[{"href":"https:\/\/www.fuldaernachrichten.de\/index.php?rest_route=\/wp\/v2\/posts\/184026","targetHints":{"allow":["GET"]}}],"collection":[{"href":"https:\/\/www.fuldaernachrichten.de\/index.php?rest_route=\/wp\/v2\/posts"}],"about":[{"href":"https:\/\/www.fuldaernachrichten.de\/index.php?rest_route=\/wp\/v2\/types\/post"}],"author":[{"embeddable":true,"href":"https:\/\/www.fuldaernachrichten.de\/index.php?rest_route=\/wp\/v2\/users\/1"}],"replies":[{"embeddable":true,"href":"https:\/\/www.fuldaernachrichten.de\/index.php?rest_route=%2Fwp%2Fv2%2Fcomments&post=184026"}],"version-history":[{"count":1,"href":"https:\/\/www.fuldaernachrichten.de\/index.php?rest_route=\/wp\/v2\/posts\/184026\/revisions"}],"predecessor-version":[{"id":184028,"href":"https:\/\/www.fuldaernachrichten.de\/index.php?rest_route=\/wp\/v2\/posts\/184026\/revisions\/184028"}],"wp:featuredmedia":[{"embeddable":true,"href":"https:\/\/www.fuldaernachrichten.de\/index.php?rest_route=\/wp\/v2\/media\/184027"}],"wp:attachment":[{"href":"https:\/\/www.fuldaernachrichten.de\/index.php?rest_route=%2Fwp%2Fv2%2Fmedia&parent=184026"}],"wp:term":[{"taxonomy":"category","embeddable":true,"href":"https:\/\/www.fuldaernachrichten.de\/index.php?rest_route=%2Fwp%2Fv2%2Fcategories&post=184026"},{"taxonomy":"post_tag","embeddable":true,"href":"https:\/\/www.fuldaernachrichten.de\/index.php?rest_route=%2Fwp%2Fv2%2Ftags&post=184026"}],"curies":[{"name":"wp","href":"https:\/\/api.w.org\/{rel}","templated":true}]}}