{"id":183929,"date":"2020-03-25T12:08:15","date_gmt":"2020-03-25T11:08:15","guid":{"rendered":"http:\/\/fuldaer-nachrichten.de\/?p=183929"},"modified":"2020-03-25T12:08:15","modified_gmt":"2020-03-25T11:08:15","slug":"foerderprogramm-der-stadt-fulda-zur-integration-von-zugewanderten","status":"publish","type":"post","link":"https:\/\/www.fuldaernachrichten.de\/?p=183929","title":{"rendered":"F\u00f6rderprogramm der Stadt Fulda zur Integration von Zugewanderten"},"content":{"rendered":"<p>Ma\u00dfnahmen und Projekte, die zur Integration von Zugewanderten beitragen, k\u00f6nnen auch in diesem Jahr wieder durch ein F\u00f6rderprogramm der Stadt Fulda finanziell gef\u00f6rdert werden. Die Stadt ruft Vereine, Initiativen und andere soziale Akteure auf, sich bis zum 30. Juni 2020 zu bewerben. Die Frist wurde angesichts der Corona-Krise verl\u00e4ngert.<\/p>\n<p>Zielgruppe und potentielle F\u00f6rdergeldempf\u00e4nger sind ehrenamtliche Initiativen und Migrantenorganisationen sowie Vereine und K\u00f6rperschaften des \u00d6ffentlichen Rechts. Laut B\u00fcrgermeister und Sozialdezernent Dag Wehner leisten diese einen unverzichtbaren Beitrag f\u00fcr die Integration von Zugewanderten. \u201eDeswegen\u201c, so Wehner weiter, \u201esehen wir es als Aufgabe unserer Stadt, diesen in finanzieller Hinsicht st\u00e4rker unter die Arme zu greifen. Davon profitieren letztlich alle Beteiligten \u2013 auch wir als Aufnahmegesellschaft.\u201c<\/p>\n<p>Insgesamt 15.000 Euro stellt die Stadt Fulda f\u00fcr das F\u00f6rderprogramm seit 2018 j\u00e4hrlich zur Verf\u00fcgung. Besonders gef\u00f6rdert werden Ma\u00dfnahmen zur interkulturellen \u00d6ffnung von Vereinen, identit\u00e4tsstiftende Ma\u00dfnahmen f\u00fcr Minderheiten, sowie geschlechtsspezifische Angebote. Aber ebenso andere Vorhaben, die allgemein zum Zusammenhalt von Alt- und Neufuldaern beitragen, indem sie etwa Begegnung erm\u00f6glichen, k\u00f6nnen finanzielle Unterst\u00fctzung erfahren.<\/p>\n<p>Die minimale m\u00f6gliche F\u00f6rdersumme beginnt schon bei 500 Euro, wodurch etwa ein eint\u00e4giger Bildungsausflug, ein Honorar f\u00fcr einen Empowerment-Workshop oder die neue Ausr\u00fcstung eines N\u00e4h-Treffs bezuschusst werden k\u00f6nnen. Wer gr\u00f6\u00dfere Projekte, wie beispielsweise eine Vortragsreihe, den Dreh eines Kurzfilms oder ein inklusives Fest, umsetzen m\u00f6chte, kann bis zu 2000 Euro beantragen.<\/p>\n<p>Die F\u00f6rderrichtlinie, in der weitere Kriterien und Voraussetzung beschrieben werden, sowie das Antragsformular k\u00f6nnen auf der Internetseite www.fulda.de heruntergeladen oder im Amt f\u00fcr Jugend, Familie und Senioren (Bonifatiusplatz 1+3) abgeholt werden. F\u00fcr R\u00fcckfragen rund um das Antragsverfahren und Termine steht die Fachstelle Integration und Inklusion zur Verf\u00fcgung, Mail: integration@fulda.de, Telefon: (0661) 102-1196.<\/p>\n","protected":false},"excerpt":{"rendered":"<div class=\"tmnf_excerpt\"><p>Ma\u00dfnahmen und Projekte, die zur Integration von Zugewanderten beitragen, k\u00f6nnen auch in diesem Jahr wieder durch ein F\u00f6rderprogramm der Stadt Fulda finanziell gef\u00f6rdert werden. Die Stadt ruft Vereine, Initiativen und andere soziale Akteure auf, sich bis zum 30. Juni 2020 zu bewerben. Die Frist wurde angesichts der Corona-Krise verl\u00e4ngert. Zielgruppe und potentielle F\u00f6rdergeldempf\u00e4nger sind ehrenamtliche &hellip;<\/p>\n<\/div>","protected":false},"author":1,"featured_media":183930,"comment_status":"closed","ping_status":"closed","sticky":false,"template":"","format":"standard","meta":{"footnotes":""},"categories":[1],"tags":[],"class_list":["post-183929","post","type-post","status-publish","format-standard","has-post-thumbnail","hentry","category-startseite"],"_links":{"self":[{"href":"https:\/\/www.fuldaernachrichten.de\/index.php?rest_route=\/wp\/v2\/posts\/183929","targetHints":{"allow":["GET"]}}],"collection":[{"href":"https:\/\/www.fuldaernachrichten.de\/index.php?rest_route=\/wp\/v2\/posts"}],"about":[{"href":"https:\/\/www.fuldaernachrichten.de\/index.php?rest_route=\/wp\/v2\/types\/post"}],"author":[{"embeddable":true,"href":"https:\/\/www.fuldaernachrichten.de\/index.php?rest_route=\/wp\/v2\/users\/1"}],"replies":[{"embeddable":true,"href":"https:\/\/www.fuldaernachrichten.de\/index.php?rest_route=%2Fwp%2Fv2%2Fcomments&post=183929"}],"version-history":[{"count":1,"href":"https:\/\/www.fuldaernachrichten.de\/index.php?rest_route=\/wp\/v2\/posts\/183929\/revisions"}],"predecessor-version":[{"id":183931,"href":"https:\/\/www.fuldaernachrichten.de\/index.php?rest_route=\/wp\/v2\/posts\/183929\/revisions\/183931"}],"wp:featuredmedia":[{"embeddable":true,"href":"https:\/\/www.fuldaernachrichten.de\/index.php?rest_route=\/wp\/v2\/media\/183930"}],"wp:attachment":[{"href":"https:\/\/www.fuldaernachrichten.de\/index.php?rest_route=%2Fwp%2Fv2%2Fmedia&parent=183929"}],"wp:term":[{"taxonomy":"category","embeddable":true,"href":"https:\/\/www.fuldaernachrichten.de\/index.php?rest_route=%2Fwp%2Fv2%2Fcategories&post=183929"},{"taxonomy":"post_tag","embeddable":true,"href":"https:\/\/www.fuldaernachrichten.de\/index.php?rest_route=%2Fwp%2Fv2%2Ftags&post=183929"}],"curies":[{"name":"wp","href":"https:\/\/api.w.org\/{rel}","templated":true}]}}