{"id":183926,"date":"2020-03-25T12:07:36","date_gmt":"2020-03-25T11:07:36","guid":{"rendered":"http:\/\/fuldaer-nachrichten.de\/?p=183926"},"modified":"2020-03-25T12:07:36","modified_gmt":"2020-03-25T11:07:36","slug":"kahraman-gebaeudereinigung-spendet-filter-masken-und-haendedesinfektionsmittel-an-das-krankenhaus-eichhof","status":"publish","type":"post","link":"https:\/\/www.fuldaernachrichten.de\/?p=183926","title":{"rendered":"Kahraman Geb\u00e4udereinigung spendet Filter-Masken und H\u00e4ndedesinfektionsmittel an das Krankenhaus Eichhof"},"content":{"rendered":"<p>35 FFP-2 und -3-Masken und einen 5-Liter-Kanister H\u00e4ndedesinfektionsmittel spendete Cengiz Kahraman, Inhaber der gleichnamigen Geb\u00e4udereinigung in Lauterbach, an das Krankenhaus Eichhof. F\u00fcr den Firmenchef ist es eine selbstverst\u00e4ndliche Geste der Solidarit\u00e4t.<\/p>\n<p>Das Corona-Virus verlangt dem Gesundheitswesen alles ab. Versorgungsengp\u00e4sse werden insbesondere f\u00fcr Arztpraxen und Krankenh\u00e4user zum bedrohlichen Szenario. Mit seiner Spende hat Cengiz Kahraman nach eigener Auskunft die notwendigen Materialien dahin gebracht, \u201ewo sie am meisten gebraucht werden\u201c. Der Inhaber der Lauterbacher Geb\u00e4udereinigung mit 110 Mitarbeitern hatte gut vorgesorgt und seinen Bedarf f\u00fcr das Jahr schon fr\u00fch vorausschauend aufgestockt: \u201eDaher konnte ich jetzt auch die professionellen Masken mit speziellen Filtern entbehren, die in normalen Zeiten zur Virenabwehr bei \u00c4rzten und Zahn\u00e4rzten zum Einsatz kommen.\u201c<\/p>\n<p>Atemschutzmasken sch\u00fctzen unter anderem vor lungeng\u00e4ngigen Viren, wie dem Corona-Virus SARS-CoV-2. Das Klassifizierungssystem unterteilt sich in drei FFP Klassen, das K\u00fcrzel FFP steht dabei f\u00fcr \u201efiltering face piece\u201c. Eine Atemschutzmaske bedeckt Nase und Mund und setzt sich zusammen aus verschiedenen Filtermaterialien und der Maske selbst.<br \/>\n\u201eWir sind \u00fcberw\u00e4ltigt von dieser uneigenn\u00fctzigen Geste des Zusammenhalts in einer echten Ausnahmesituation. Wir danken Herrn Kahraman sehr f\u00fcr die gro\u00dfz\u00fcgige Spende, die er ohne einen wirtschaftlichen Nutzen get\u00e4tigt hat. Das ist bemerkenswert und zeugt von einer gro\u00dfen Verantwortung f\u00fcr unsere Gesellschaft\u201c, lobt der Vorstand vom Eichhof Mathias Rauwolf, der wie auch das \u00e4rztliche und pflegerische Personal am Krankenhaus Eichhof dankbar f\u00fcr das zus\u00e4tzliche Material ist.<\/p>\n","protected":false},"excerpt":{"rendered":"<div class=\"tmnf_excerpt\"><p>35 FFP-2 und -3-Masken und einen 5-Liter-Kanister H\u00e4ndedesinfektionsmittel spendete Cengiz Kahraman, Inhaber der gleichnamigen Geb\u00e4udereinigung in Lauterbach, an das Krankenhaus Eichhof. F\u00fcr den Firmenchef ist es eine selbstverst\u00e4ndliche Geste der Solidarit\u00e4t. Das Corona-Virus verlangt dem Gesundheitswesen alles ab. Versorgungsengp\u00e4sse werden insbesondere f\u00fcr Arztpraxen und Krankenh\u00e4user zum bedrohlichen Szenario. Mit seiner Spende hat Cengiz Kahraman nach &hellip;<\/p>\n<\/div>","protected":false},"author":1,"featured_media":183927,"comment_status":"closed","ping_status":"closed","sticky":false,"template":"","format":"standard","meta":{"footnotes":""},"categories":[1],"tags":[],"class_list":["post-183926","post","type-post","status-publish","format-standard","has-post-thumbnail","hentry","category-startseite"],"_links":{"self":[{"href":"https:\/\/www.fuldaernachrichten.de\/index.php?rest_route=\/wp\/v2\/posts\/183926","targetHints":{"allow":["GET"]}}],"collection":[{"href":"https:\/\/www.fuldaernachrichten.de\/index.php?rest_route=\/wp\/v2\/posts"}],"about":[{"href":"https:\/\/www.fuldaernachrichten.de\/index.php?rest_route=\/wp\/v2\/types\/post"}],"author":[{"embeddable":true,"href":"https:\/\/www.fuldaernachrichten.de\/index.php?rest_route=\/wp\/v2\/users\/1"}],"replies":[{"embeddable":true,"href":"https:\/\/www.fuldaernachrichten.de\/index.php?rest_route=%2Fwp%2Fv2%2Fcomments&post=183926"}],"version-history":[{"count":1,"href":"https:\/\/www.fuldaernachrichten.de\/index.php?rest_route=\/wp\/v2\/posts\/183926\/revisions"}],"predecessor-version":[{"id":183928,"href":"https:\/\/www.fuldaernachrichten.de\/index.php?rest_route=\/wp\/v2\/posts\/183926\/revisions\/183928"}],"wp:featuredmedia":[{"embeddable":true,"href":"https:\/\/www.fuldaernachrichten.de\/index.php?rest_route=\/wp\/v2\/media\/183927"}],"wp:attachment":[{"href":"https:\/\/www.fuldaernachrichten.de\/index.php?rest_route=%2Fwp%2Fv2%2Fmedia&parent=183926"}],"wp:term":[{"taxonomy":"category","embeddable":true,"href":"https:\/\/www.fuldaernachrichten.de\/index.php?rest_route=%2Fwp%2Fv2%2Fcategories&post=183926"},{"taxonomy":"post_tag","embeddable":true,"href":"https:\/\/www.fuldaernachrichten.de\/index.php?rest_route=%2Fwp%2Fv2%2Ftags&post=183926"}],"curies":[{"name":"wp","href":"https:\/\/api.w.org\/{rel}","templated":true}]}}