{"id":183878,"date":"2020-03-19T09:46:29","date_gmt":"2020-03-19T08:46:29","guid":{"rendered":"http:\/\/fuldaer-nachrichten.de\/?p=183878"},"modified":"2020-03-19T09:46:29","modified_gmt":"2020-03-19T08:46:29","slug":"zuzana-zimmermann-steigt-bei-hausaerzte-mkk-ein","status":"publish","type":"post","link":"https:\/\/www.fuldaernachrichten.de\/?p=183878","title":{"rendered":"Zuzana Zimmermann steigt bei Haus\u00e4rzte MKK ein"},"content":{"rendered":"<div class=\"\"><span class=\"\"><i class=\"\">Die \u00fcber\u00f6rtliche Gemeinschaftspraxis Haus\u00e4rzte MKK bekommt ein neues Gesicht an der Spitze: Holger Spak verl\u00e4sst die Praxis in Schl\u00fcchtern Ende M\u00e4rz. Er tritt in den Ruhestand ein und \u00fcbergibt den Staffelstab an Dr. med. Zuzana Zimmermann. Zimmermann ist schon l\u00e4nger im Team von Haus\u00e4rzte MKK und steigt nun als Gesellschafterin ein.<\/i><\/span><\/div>\n<div class=\"\"><\/div>\n<div class=\"\"><span class=\"\">Der Schl\u00fcchterner Allgemeinmediziner Holger Spak geht in den Ruhestand. Spak blickt auf eine erf\u00fcllende Zeit zur\u00fcck: \u201eIch habe meine Arbeit an nahezu jedem einzelnen Tag unglaublich gern gemacht. Es war mir immer eine Freude und Berufung, meine F\u00e4higkeiten daf\u00fcr einzusetzen, anderen Menschen zu helfen.\u201c<\/span><\/div>\n<div class=\"\"><\/div>\n<div class=\"\"><span class=\"\">Der 69-J\u00e4hrige arbeitete in Schl\u00fcchtern als Allgemein- und Notfallmediziner, Gespr\u00e4chstherapeut und Allergologe. Er praktizierte mehr als 30 Jahre, die vergangenen zehn war er bei Haus\u00e4rzte MKK t\u00e4tig. Spak \u00fcbergibt seinen Staffelstab jetzt an Dr. med. Zuzana Zimmermann. Sie ist bereits seit 2017 im Team von Haus\u00e4rzte MKK t\u00e4tig und steigt ab April in die Gesch\u00e4ftsf\u00fchrung mit ein. Zimmermann: \u201eIch freue mich sehr, nun Verantwortung zu \u00fcbernehmen.\u201c<\/span><\/div>\n<div class=\"\"><\/div>\n<div class=\"\"><span class=\"\">Damit besteht die Leitung von Haus\u00e4rzte MKK aus Dr. med. Davud Faghih-Zadeh, Dr. med. Ingo Roth und Dr. med. Zuzana Zimmermann. Faghih-Zadeh und Roth freuen sich sehr auf die neue Kollegin in der F\u00fchrungsriege, wissen aber auch um die Verdienste von Spak. Faghih-Zadeh sagt: \u201eHolger Spak hat hier \u00fcber all die Jahre wirklich tolle Arbeit geleistet, das gilt f\u00fcr die Behandlung der Patienten genauso wie f\u00fcr die Leitung der Praxis in Schl\u00fcchtern. Wir w\u00fcnschen ihm alles Gute f\u00fcr seinen Ruhestand.\u201c<\/span><\/div>\n<div class=\"\"><\/div>\n<div class=\"\"><span class=\"\">Haus\u00e4rzte MKK ist eine \u00fcber\u00f6rtliche Gemeinschaftspraxis mit Standorten in Schl\u00fcchtern, Bad Soden-Salm\u00fcnster und Langenselbold. Die Praxis in Langenselbold ist au\u00dferdem Lehrpraxis. Im Team von Haus\u00e4rzte MKK befinden sich insgesamt sieben \u00c4rzte.<\/span><\/div>\n","protected":false},"excerpt":{"rendered":"<div class=\"tmnf_excerpt\"><p>Die \u00fcber\u00f6rtliche Gemeinschaftspraxis Haus\u00e4rzte MKK bekommt ein neues Gesicht an der Spitze: Holger Spak verl\u00e4sst die Praxis in Schl\u00fcchtern Ende M\u00e4rz. Er tritt in den Ruhestand ein und \u00fcbergibt den Staffelstab an Dr. med. Zuzana Zimmermann. Zimmermann ist schon l\u00e4nger im Team von Haus\u00e4rzte MKK und steigt nun als Gesellschafterin ein. Der Schl\u00fcchterner Allgemeinmediziner Holger &hellip;<\/p>\n<\/div>","protected":false},"author":1,"featured_media":183879,"comment_status":"closed","ping_status":"closed","sticky":false,"template":"","format":"standard","meta":{"footnotes":""},"categories":[1],"tags":[],"class_list":["post-183878","post","type-post","status-publish","format-standard","has-post-thumbnail","hentry","category-startseite"],"_links":{"self":[{"href":"https:\/\/www.fuldaernachrichten.de\/index.php?rest_route=\/wp\/v2\/posts\/183878","targetHints":{"allow":["GET"]}}],"collection":[{"href":"https:\/\/www.fuldaernachrichten.de\/index.php?rest_route=\/wp\/v2\/posts"}],"about":[{"href":"https:\/\/www.fuldaernachrichten.de\/index.php?rest_route=\/wp\/v2\/types\/post"}],"author":[{"embeddable":true,"href":"https:\/\/www.fuldaernachrichten.de\/index.php?rest_route=\/wp\/v2\/users\/1"}],"replies":[{"embeddable":true,"href":"https:\/\/www.fuldaernachrichten.de\/index.php?rest_route=%2Fwp%2Fv2%2Fcomments&post=183878"}],"version-history":[{"count":1,"href":"https:\/\/www.fuldaernachrichten.de\/index.php?rest_route=\/wp\/v2\/posts\/183878\/revisions"}],"predecessor-version":[{"id":183880,"href":"https:\/\/www.fuldaernachrichten.de\/index.php?rest_route=\/wp\/v2\/posts\/183878\/revisions\/183880"}],"wp:featuredmedia":[{"embeddable":true,"href":"https:\/\/www.fuldaernachrichten.de\/index.php?rest_route=\/wp\/v2\/media\/183879"}],"wp:attachment":[{"href":"https:\/\/www.fuldaernachrichten.de\/index.php?rest_route=%2Fwp%2Fv2%2Fmedia&parent=183878"}],"wp:term":[{"taxonomy":"category","embeddable":true,"href":"https:\/\/www.fuldaernachrichten.de\/index.php?rest_route=%2Fwp%2Fv2%2Fcategories&post=183878"},{"taxonomy":"post_tag","embeddable":true,"href":"https:\/\/www.fuldaernachrichten.de\/index.php?rest_route=%2Fwp%2Fv2%2Ftags&post=183878"}],"curies":[{"name":"wp","href":"https:\/\/api.w.org\/{rel}","templated":true}]}}