{"id":183854,"date":"2020-03-07T22:18:54","date_gmt":"2020-03-07T21:18:54","guid":{"rendered":"http:\/\/fuldaer-nachrichten.de\/?p=183854"},"modified":"2020-03-20T14:37:34","modified_gmt":"2020-03-20T13:37:34","slug":"hessens-weg-in-die-digitale-zukunft","status":"publish","type":"post","link":"https:\/\/www.fuldaernachrichten.de\/?p=183854","title":{"rendered":"Hessens Weg in die Digitale Zukunft"},"content":{"rendered":"<p>Mit zwei Programmen hat die hessische Regierung das Land auf den Weg in die Digitale Zukunft geschickt und zeigt sich mit seinen F\u00f6rderprogrammen und Strategien gut vorbereitet.<\/p>\n<p><strong>Hessische Innovationsstrategie<\/strong><\/p>\n<p>Es wird auf die F\u00f6rderung von Innovationen gesetzt, um die Wettbewerbsf\u00e4higkeit des Wirtschaftsstandortes weiter zu st\u00e4rken. Dabei geht es um die Umsetzung von Ideen, welche wirtschaftlich erfolgreich in Produkte, Verfahren Gesch\u00e4ftsmodelle und Dienstleistungen umgesetzt werden sollen. In Zuge der hessischen Cluster-Politik (Cluster = Netzwerk von Produzenten, Zulieferern, Forschungseinrichtungen u.a.) werden regional verankerte Cluster als Basis unternehmerischer getriebener Vernetzung und zentrales Element der Wirtschaftspolitik gef\u00f6rdert. Unternehmen und ganze Regionen sind aufgefordert, sich miteinander zu vernetzen, wobei sie vom Land unterst\u00fctzt werden. Diese Cluster sollen dazu dienen, regionale und \u00fcberregionale Zusammenarbeit zu verbessern, indem sich Unternehmen untereinander aber auch mit Hochschulen und anderen wirtschaftsnahen Einrichtungen vernetzen. Somit ist man in der Lage, in den hessischen Regionen vorhandene Potenziale zu st\u00e4rken und die Wettbewerbsf\u00e4higkeit zu steigern.<\/p>\n<p><a href=\"http:\/\/fuldaer-nachrichten.de\/wp-content\/uploads\/2020\/03\/Bildschirmfoto-2020-03-07-um-22.15.54.png\"><img fetchpriority=\"high\" decoding=\"async\" class=\"alignnone size-large wp-image-183856\" src=\"http:\/\/fuldaer-nachrichten.de\/wp-content\/uploads\/2020\/03\/Bildschirmfoto-2020-03-07-um-22.15.54-600x221.png\" alt=\"\" width=\"600\" height=\"221\" srcset=\"https:\/\/www.fuldaernachrichten.de\/wp-content\/uploads\/2020\/03\/Bildschirmfoto-2020-03-07-um-22.15.54-600x221.png 600w, https:\/\/www.fuldaernachrichten.de\/wp-content\/uploads\/2020\/03\/Bildschirmfoto-2020-03-07-um-22.15.54-265x97.png 265w, https:\/\/www.fuldaernachrichten.de\/wp-content\/uploads\/2020\/03\/Bildschirmfoto-2020-03-07-um-22.15.54-768x282.png 768w, https:\/\/www.fuldaernachrichten.de\/wp-content\/uploads\/2020\/03\/Bildschirmfoto-2020-03-07-um-22.15.54.png 900w\" sizes=\"(max-width: 600px) 100vw, 600px\" \/><\/a><\/p>\n<p>Quelle: Bild von\u00c2\u00a0Gerd Altmann\u00c2\u00a0auf\u00c2\u00a0Pixabay<\/p>\n<p><strong>Strategie Digitales Hessen<\/strong><\/p>\n<p>Diese Strategie ist die zweite Antwort der Landesregierung auf die herausfordernde <a href=\"http:\/\/fuldaer-nachrichten.de\/?s=digitalisierung\">Digitalisierung<\/a>. Sie steht im Kontext der Digitalen Agenda der EU-Wachstumsstrategie 2020 und nat\u00fcrlich der Digitalen Agenda des Bundes. Entwickelt von Schl\u00fcsselressorts der Landesregierung in enger Zusammenarbeit mit Vertretern aus Industrie, Handel, Forschungseinrichtungen, Dienstleistern und Verb\u00e4nden liegt der Fokus auf konkreten kurz- und mittelfristig umsetzbaren Ma\u00dfnahmen. Zu den einzelnen Themenbereichen z\u00e4hlt bei einem Wirtschaftsstandort wie Heesen nat\u00fcrlich der Technologiebereich. Eine der zentralen Aufgaben stellt hier nicht zuletzt die digitale Ausstattung moderner Unternehmen in Bezug auf Messtechnik und Datenerfassung und deren \u00dcbertragung mit entsprechenden Sensorarten wie zum Beispiel Drucksensoren dar. Diese Technologien erm\u00f6glichen es erst, innovativ zu arbeiten und korrekte Daten zur Verf\u00fcgung zu stellen. Dabei greift man gerne auf Unternehmen wie <a href=\"https:\/\/de.rs-online.com\/web\/c\/automation\/sensoren-und-messwandler\/drucksensoren\/\">RS Components<\/a> zur\u00fcck, einem weltweiten Elektronik-Distributor, der moderne Unternehmen mit den unterschiedlichsten Sensortypen im digitalen Bereich ausstattet. Im Rahmen des Digitalisierungszuschusses stellt das hessische Ministerium f\u00fcr Wirtschaft, Energie, Verkehr und Wohnen 2020 rund 7 Millionen Euro an F\u00f6rdergeldern zu Verf\u00fcgung. Damit unterst\u00fctzt das Land Unternehmen bei der digitalen Transformation ihrer Produktions- und Arbeitsprozesse und der Verbesserung der IT-Sicherheit.<\/p>\n<p><a href=\"http:\/\/fuldaer-nachrichten.de\/wp-content\/uploads\/2020\/03\/Bildschirmfoto-2020-03-07-um-22.15.44.png\"><img decoding=\"async\" class=\"alignnone size-large wp-image-183855\" src=\"http:\/\/fuldaer-nachrichten.de\/wp-content\/uploads\/2020\/03\/Bildschirmfoto-2020-03-07-um-22.15.44-600x273.png\" alt=\"\" width=\"600\" height=\"273\" srcset=\"https:\/\/www.fuldaernachrichten.de\/wp-content\/uploads\/2020\/03\/Bildschirmfoto-2020-03-07-um-22.15.44-600x273.png 600w, https:\/\/www.fuldaernachrichten.de\/wp-content\/uploads\/2020\/03\/Bildschirmfoto-2020-03-07-um-22.15.44-265x121.png 265w, https:\/\/www.fuldaernachrichten.de\/wp-content\/uploads\/2020\/03\/Bildschirmfoto-2020-03-07-um-22.15.44-768x350.png 768w, https:\/\/www.fuldaernachrichten.de\/wp-content\/uploads\/2020\/03\/Bildschirmfoto-2020-03-07-um-22.15.44.png 900w\" sizes=\"(max-width: 600px) 100vw, 600px\" \/><\/a><\/p>\n<p>Quell: Bild von\u00c2\u00a0Gerd Altmann\u00c2\u00a0auf\u00c2\u00a0Pixabay<\/p>\n<p><strong>Fulda als Keimzelle der Digitalisierung<\/strong><\/p>\n<p>Immer wieder beweist Fulda, dass es auch mit den ganz Gro\u00dfen mithalten kann, wenn es um die Konzeptionierung digitaler Aufgaben f\u00fcr die Industrie und die Verwaltung geht. Und die Strategie Digitales Hessen wird im Bereich der Bildung schon einmal beispielhaft umgesetzt.<\/p>\n<p>So verf\u00fcgt die Marienschule \u00fcber Highspeed-Internet in jedem Klassenzimmer &#8211; in Deutschland eine Seltenheit. Damit gilt sie als Vorzeigeschule in Sachen Digitalisierung und ihre Sch\u00fcler sind zu beneiden. Doch nicht nur das Internet sondern auch die dortigen P\u00e4dagogen sind in Sachen Digitalisierung schon einen Schritt weiter. So f\u00f6rdern sie nicht nur den Umgang mit modernen Medien und Ger\u00e4ten, wie Handys, sondern fordern diesen auch von ihren Sch\u00fclern. Damit zeigt Fulda den deutschen Schulen, wie es geht.<\/p>\n<p><strong>Wie zeichnen sich Fulda und Hessen beim Rennen in die Digitalisierung aus?<\/strong><\/p>\n<p>In diesem Jahr finden erneut mehrere Veranstaltungen der fibIT an der <a href=\"https:\/\/www.hs-fulda.de\/unsere-hochschule\/alle-meldungen\/meldungsdetails\/detail\/digitale-gesundheitskompetenzen-von-schuelerinnen-und-schuelern\">Hochschule Fulda<\/a> statt, bei denen sich Experten \u00fcber die Trends wie 5G und K\u00fcnstliche Intelligenz austauschen. Die fibIT, eine allj\u00e4hrliche Messe in Fulda, ist eine IT Messe, auf der sich mehr als 40 Aussteller mit ihren Produkten, Dienstleistungen, Innovationen und Trends in verschiedenen Bereichen der Informations- und Kommunikations- sowie der Prozess- und Automatisierungstechnik pr\u00e4sentieren. Hier geht es unter anderem um Softwareentwicklung, Standortvernetzung und Software f\u00fcr Handel, Handwerk und Produktion. Ebenfalls zum breiten Spektrum der Angebote z\u00e4hlen Onlinemarketing, Personalcoaching und Zeiterfassungssysteme. Damit empf\u00e4ngt die Fuldaer Messe ihre Besucher mit praxisnahem und verst\u00e4ndlichem IT-Wissen f\u00fcr Unternehmer und Entscheider.<\/p>\n<p>Und noch etwas gibt es seit kurzem in Hessen. Als erstes Bundesland ist es B\u00fcrgern nun m\u00f6glich, Texte oder Fotos, die Hass oder Hetze verbreiten, online bei der staatlichen Meldestelle f\u00fcr Hasskommentare im Internet einzureichen. Damit setzt Hessen wieder ein wichtiges Signal in Richtung Umsetzung der Digitalisierung im Land und positioniert sich weiter als Vorreiter.<\/p>\n","protected":false},"excerpt":{"rendered":"<div class=\"tmnf_excerpt\"><p>Mit zwei Programmen hat die hessische Regierung das Land auf den Weg in die Digitale Zukunft geschickt und zeigt sich mit seinen F\u00f6rderprogrammen und Strategien gut vorbereitet. Hessische Innovationsstrategie Es wird auf die F\u00f6rderung von Innovationen gesetzt, um die Wettbewerbsf\u00e4higkeit des Wirtschaftsstandortes weiter zu st\u00e4rken. Dabei geht es um die Umsetzung von Ideen, welche wirtschaftlich &hellip;<\/p>\n<\/div>","protected":false},"author":1,"featured_media":0,"comment_status":"closed","ping_status":"closed","sticky":false,"template":"","format":"standard","meta":{"footnotes":""},"categories":[1],"tags":[95,172,173,174],"class_list":["post-183854","post","type-post","status-publish","format-standard","hentry","category-startseite","tag-besonders-lesenswert","tag-jana-el-amrani","tag-trustfactory-bz-2280w-oakland-park-blvd-suite-225c-oakland-park-fl-33311","tag-usa"],"_links":{"self":[{"href":"https:\/\/www.fuldaernachrichten.de\/index.php?rest_route=\/wp\/v2\/posts\/183854","targetHints":{"allow":["GET"]}}],"collection":[{"href":"https:\/\/www.fuldaernachrichten.de\/index.php?rest_route=\/wp\/v2\/posts"}],"about":[{"href":"https:\/\/www.fuldaernachrichten.de\/index.php?rest_route=\/wp\/v2\/types\/post"}],"author":[{"embeddable":true,"href":"https:\/\/www.fuldaernachrichten.de\/index.php?rest_route=\/wp\/v2\/users\/1"}],"replies":[{"embeddable":true,"href":"https:\/\/www.fuldaernachrichten.de\/index.php?rest_route=%2Fwp%2Fv2%2Fcomments&post=183854"}],"version-history":[{"count":3,"href":"https:\/\/www.fuldaernachrichten.de\/index.php?rest_route=\/wp\/v2\/posts\/183854\/revisions"}],"predecessor-version":[{"id":183918,"href":"https:\/\/www.fuldaernachrichten.de\/index.php?rest_route=\/wp\/v2\/posts\/183854\/revisions\/183918"}],"wp:attachment":[{"href":"https:\/\/www.fuldaernachrichten.de\/index.php?rest_route=%2Fwp%2Fv2%2Fmedia&parent=183854"}],"wp:term":[{"taxonomy":"category","embeddable":true,"href":"https:\/\/www.fuldaernachrichten.de\/index.php?rest_route=%2Fwp%2Fv2%2Fcategories&post=183854"},{"taxonomy":"post_tag","embeddable":true,"href":"https:\/\/www.fuldaernachrichten.de\/index.php?rest_route=%2Fwp%2Fv2%2Ftags&post=183854"}],"curies":[{"name":"wp","href":"https:\/\/api.w.org\/{rel}","templated":true}]}}