{"id":183823,"date":"2020-03-07T22:01:56","date_gmt":"2020-03-07T21:01:56","guid":{"rendered":"http:\/\/fuldaer-nachrichten.de\/?p=183823"},"modified":"2020-03-07T22:01:56","modified_gmt":"2020-03-07T21:01:56","slug":"nancy-faeser-besucht-die-awo-holz-und-fahrradwerkstatt-in-fulda","status":"publish","type":"post","link":"https:\/\/www.fuldaernachrichten.de\/?p=183823","title":{"rendered":"Nancy Faeser besucht die AWO Holz- und Fahrradwerkstatt in Fulda"},"content":{"rendered":"<p>Bei ihrem Besuch der AWO Fulda informiert sich die hessische SPD-Vorsitzende Nancy Faeser \u00fcber aktuellen Themen und Herausforderungen in der sozialen Arbeit. Dabei stellte ihr AWO-Gesch\u00e4ftsf\u00fchrer Wolfram Latsch das umfangreiche Angebot der Arbeiterwohlfahrt in Fulda vor: \u201eDie AWO hat sich in den vergangenen Jahren immer wieder auf die jeweils aktuellen sozialen Themen in Fulda konzentriert und passgenaue Angebote f\u00fcr die Menschen in unserer Region geschaffen, die in der Regel dauerhaft etabliert werden konnten. Daher ist das Angebot der AWO heute so breit gef\u00e4chert und reicht von Beratungsstellen, \u00fcber Gemeinwesenarbeit, Jugendberufshilfe, Arbeit mit Migranten und offener Jugendarbeit bis hin zum Betrieb einer KITA. Die Angebote sind eingebettet in eine vertrauensvolle und zielf\u00fchrende Zusammenarbeit mit anderen Sozialen Angebote in der Region und mit den Vertretern von Stadt und Landkreis Fulda\u201c, sagte Wolfram Latsch, der betonte, dass auch das Land Hessen ein wichtiger Partner in vielen Projekten, wie den Jugendberufshilfeprojekten, der KITA oder den vielen Projekten zur niedrigschwelligen Qualifizierung und Integration von Migranten sei.<\/p>\n<p>Eine dieser \u00fcber Landes- und ESF-Mitteln gef\u00f6rderten Projekte sind die Qualifizierungs- und Besch\u00e4ftigungsprojekte \u201eLohn+Brot\u201c und \u201eArtemis\u201c. Hier geht es darum jungen Menschen bei der Bew\u00e4ltigung einer Krisensituation Unterst\u00fctzung zu geben, und \u00fcber sinnvolles Arbeiten in der Fahrradwerkstatt, der Holzwerkstatt oder anderen Arbeitsbereichen einen Zugang zu einer Tagesstruktur zu geben.<\/p>\n<p>Gemeinsam mit Nancy Faeser informierten sich auch die SPD-Landtagsabgeordnete Sabine Waschke und die ehemalige Bundestagsabgeordnete Birgit K\u00f6mpel \u00fcber das p\u00e4dagogische Konzept und die Perspektiven der Jugendlichen. Der Projektleiter und Werkstattp\u00e4dagoge Tobias Leibold stellt Chancen und Herausforderungen des Projektes dar und zeigt in den R\u00e4umen der Holzwerkstatt anschaulich den Projektablauf und die im Projekt erreichten Ergebnisse.<\/p>\n<p>Zum Abschluss wurden auch die Geschehnisse in der AWO Hessen S\u00fcd angesprochen, die gerade kleine Vereine wie die AWO Fulda deutlich zu sp\u00fcren bekommen. \u201eWir in der AWO Fulda agieren gegen\u00fcber Finanzgebern und Partner mit gro\u00dfer Transparenz und orientieren uns klar an den hohen verbandlichen Qualit\u00e4tsstandards.\u201c, sagte Wolfram Latsch abschlie\u00dfend.<\/p>\n","protected":false},"excerpt":{"rendered":"<div class=\"tmnf_excerpt\"><p>Bei ihrem Besuch der AWO Fulda informiert sich die hessische SPD-Vorsitzende Nancy Faeser \u00fcber aktuellen Themen und Herausforderungen in der sozialen Arbeit. Dabei stellte ihr AWO-Gesch\u00e4ftsf\u00fchrer Wolfram Latsch das umfangreiche Angebot der Arbeiterwohlfahrt in Fulda vor: \u201eDie AWO hat sich in den vergangenen Jahren immer wieder auf die jeweils aktuellen sozialen Themen in Fulda konzentriert &hellip;<\/p>\n<\/div>","protected":false},"author":1,"featured_media":183824,"comment_status":"closed","ping_status":"closed","sticky":false,"template":"","format":"standard","meta":{"footnotes":""},"categories":[1],"tags":[],"class_list":["post-183823","post","type-post","status-publish","format-standard","has-post-thumbnail","hentry","category-startseite"],"_links":{"self":[{"href":"https:\/\/www.fuldaernachrichten.de\/index.php?rest_route=\/wp\/v2\/posts\/183823","targetHints":{"allow":["GET"]}}],"collection":[{"href":"https:\/\/www.fuldaernachrichten.de\/index.php?rest_route=\/wp\/v2\/posts"}],"about":[{"href":"https:\/\/www.fuldaernachrichten.de\/index.php?rest_route=\/wp\/v2\/types\/post"}],"author":[{"embeddable":true,"href":"https:\/\/www.fuldaernachrichten.de\/index.php?rest_route=\/wp\/v2\/users\/1"}],"replies":[{"embeddable":true,"href":"https:\/\/www.fuldaernachrichten.de\/index.php?rest_route=%2Fwp%2Fv2%2Fcomments&post=183823"}],"version-history":[{"count":1,"href":"https:\/\/www.fuldaernachrichten.de\/index.php?rest_route=\/wp\/v2\/posts\/183823\/revisions"}],"predecessor-version":[{"id":183825,"href":"https:\/\/www.fuldaernachrichten.de\/index.php?rest_route=\/wp\/v2\/posts\/183823\/revisions\/183825"}],"wp:featuredmedia":[{"embeddable":true,"href":"https:\/\/www.fuldaernachrichten.de\/index.php?rest_route=\/wp\/v2\/media\/183824"}],"wp:attachment":[{"href":"https:\/\/www.fuldaernachrichten.de\/index.php?rest_route=%2Fwp%2Fv2%2Fmedia&parent=183823"}],"wp:term":[{"taxonomy":"category","embeddable":true,"href":"https:\/\/www.fuldaernachrichten.de\/index.php?rest_route=%2Fwp%2Fv2%2Fcategories&post=183823"},{"taxonomy":"post_tag","embeddable":true,"href":"https:\/\/www.fuldaernachrichten.de\/index.php?rest_route=%2Fwp%2Fv2%2Ftags&post=183823"}],"curies":[{"name":"wp","href":"https:\/\/api.w.org\/{rel}","templated":true}]}}