{"id":183820,"date":"2020-03-07T22:01:16","date_gmt":"2020-03-07T21:01:16","guid":{"rendered":"http:\/\/fuldaer-nachrichten.de\/?p=183820"},"modified":"2020-03-07T22:01:16","modified_gmt":"2020-03-07T21:01:16","slug":"stadt-als-eigentuemerin-der-immobilie-und-paechter-stellen-klar-restaurant-in-der-hauptwache-bleibt-in-bewaehrter-hand","status":"publish","type":"post","link":"https:\/\/www.fuldaernachrichten.de\/?p=183820","title":{"rendered":"Stadt als Eigent\u00fcmerin der Immobilie und P\u00e4chter stellen klar &#8211; Restaurant in der Hauptwache bleibt in bew\u00e4hrter Hand"},"content":{"rendered":"<p>Seit dem Jahr 2003 ist der Gastronomiebetrieb \u201eViva Havanna\u201c (im Volksmund auch \u201eHavanna-Bar\u201c genannt) im historischen Geb\u00e4ude der Fuldaer Hauptwache ans\u00e4ssig \u2013 und dies soll nach dem Willen aller Beteiligten auf absehbare Zeit auch so bleiben.<\/p>\n<p>\u201eAn den seit einigen Monaten durch die Stadt geisternden Ger\u00fcchten einer angeblichen Schlie\u00dfung ist absolut nichts dran\u201c, betonen der Gesch\u00e4ftsf\u00fchrer der Viva Havanna GmbH, Fatmir Gjocaj, und die Stadt Fulda, die seit 2019 Eigent\u00fcmerin der Immobilie ist, in einem gemeinsamen Statement. Richtig ist vielmehr, dass die Stadt Fulda bei dem Erwerb des Palais Buseck (\u201eStift Wallenstein\u201c) und der Hauptwache s\u00e4mtliche Miet- und Pachtverh\u00e4ltnisse \u00fcbernommen hat. Im September 2019 hat die Viva Havanna GmbH \u00fcberdies schriftlich die Absicht best\u00e4tigt, dass sie die vertraglich vorgesehene Option auf eine Verl\u00e4ngerung des Pachtverh\u00e4ltnisses ab 2021 wahrnehmen m\u00f6chte.<\/p>\n<p>\u201eInsofern k\u00f6nnen wir alle Ger\u00fcchte, wonach angeblich eine Schlie\u00dfung, ein P\u00e4chterwechsel oder \u00e4hnliches bevorstehe, mit aller Entschiedenheit dementieren\u201c, so die Stadt und der P\u00e4chter unisono. Das Restaurant in der Hauptwache, das sich in den 17 Jahren seines Bestehens l\u00e4ngst als feste gastronomische Adresse f\u00fcr Einheimische wie f\u00fcr Touristen etabliert hat, bleibt also in bew\u00e4hrter Hand.<\/p>\n","protected":false},"excerpt":{"rendered":"<div class=\"tmnf_excerpt\"><p>Seit dem Jahr 2003 ist der Gastronomiebetrieb \u201eViva Havanna\u201c (im Volksmund auch \u201eHavanna-Bar\u201c genannt) im historischen Geb\u00e4ude der Fuldaer Hauptwache ans\u00e4ssig \u2013 und dies soll nach dem Willen aller Beteiligten auf absehbare Zeit auch so bleiben. \u201eAn den seit einigen Monaten durch die Stadt geisternden Ger\u00fcchten einer angeblichen Schlie\u00dfung ist absolut nichts dran\u201c, betonen der &hellip;<\/p>\n<\/div>","protected":false},"author":1,"featured_media":183821,"comment_status":"closed","ping_status":"closed","sticky":false,"template":"","format":"standard","meta":{"footnotes":""},"categories":[1],"tags":[],"class_list":["post-183820","post","type-post","status-publish","format-standard","has-post-thumbnail","hentry","category-startseite"],"_links":{"self":[{"href":"https:\/\/www.fuldaernachrichten.de\/index.php?rest_route=\/wp\/v2\/posts\/183820","targetHints":{"allow":["GET"]}}],"collection":[{"href":"https:\/\/www.fuldaernachrichten.de\/index.php?rest_route=\/wp\/v2\/posts"}],"about":[{"href":"https:\/\/www.fuldaernachrichten.de\/index.php?rest_route=\/wp\/v2\/types\/post"}],"author":[{"embeddable":true,"href":"https:\/\/www.fuldaernachrichten.de\/index.php?rest_route=\/wp\/v2\/users\/1"}],"replies":[{"embeddable":true,"href":"https:\/\/www.fuldaernachrichten.de\/index.php?rest_route=%2Fwp%2Fv2%2Fcomments&post=183820"}],"version-history":[{"count":1,"href":"https:\/\/www.fuldaernachrichten.de\/index.php?rest_route=\/wp\/v2\/posts\/183820\/revisions"}],"predecessor-version":[{"id":183822,"href":"https:\/\/www.fuldaernachrichten.de\/index.php?rest_route=\/wp\/v2\/posts\/183820\/revisions\/183822"}],"wp:featuredmedia":[{"embeddable":true,"href":"https:\/\/www.fuldaernachrichten.de\/index.php?rest_route=\/wp\/v2\/media\/183821"}],"wp:attachment":[{"href":"https:\/\/www.fuldaernachrichten.de\/index.php?rest_route=%2Fwp%2Fv2%2Fmedia&parent=183820"}],"wp:term":[{"taxonomy":"category","embeddable":true,"href":"https:\/\/www.fuldaernachrichten.de\/index.php?rest_route=%2Fwp%2Fv2%2Fcategories&post=183820"},{"taxonomy":"post_tag","embeddable":true,"href":"https:\/\/www.fuldaernachrichten.de\/index.php?rest_route=%2Fwp%2Fv2%2Ftags&post=183820"}],"curies":[{"name":"wp","href":"https:\/\/api.w.org\/{rel}","templated":true}]}}