{"id":183792,"date":"2020-03-07T21:47:21","date_gmt":"2020-03-07T20:47:21","guid":{"rendered":"http:\/\/fuldaer-nachrichten.de\/?p=183792"},"modified":"2020-03-07T21:47:21","modified_gmt":"2020-03-07T20:47:21","slug":"betriebsversammlung-der-ueberlandwerk-rhoen-gmbh","status":"publish","type":"post","link":"https:\/\/www.fuldaernachrichten.de\/?p=183792","title":{"rendered":"Betriebsversammlung der \u00dcberlandwerk Rh\u00f6n GmbH"},"content":{"rendered":"<div id=\"attachment_183794\" style=\"width: 275px\" class=\"wp-caption alignleft\"><a href=\"http:\/\/fuldaer-nachrichten.de\/wp-content\/uploads\/2020\/03\/U\u00cc\u02c6W_Betriebsversammlung_Ruhesta\u00cc\u02c6ndler_Presse.jpg\"><img decoding=\"async\" aria-describedby=\"caption-attachment-183794\" class=\"size-thumbnail wp-image-183794\" src=\"http:\/\/fuldaer-nachrichten.de\/wp-content\/uploads\/2020\/03\/U\u00cc\u02c6W_Betriebsversammlung_Ruhesta\u00cc\u02c6ndler_Presse-265x173.jpg\" alt=\"\" width=\"265\" height=\"173\" \/><\/a><p id=\"caption-attachment-183794\" class=\"wp-caption-text\">Auch die Ruhest\u00e4ndler der \u00dcberlandwerk Rh\u00f6n GmbH (ab 3.v.l.) Dietmar Raab (Frickenhausen), Hermann Schmitt (Eu\u00dfenhausen), Joachim Schreiber (J\u00fcchsen), Ursula Goldschalt (Mellrichstadt) und Erhard Leimbach (Lahrbach) wurden von Landrat Thomas Habermann, Gesch\u00e4ftsf\u00fchrer Helmut Grosser (links) sowie von Prokurist Joachim Sch\u00e4rtl und Betriebsratsvorsitzender Martin Reu\u00dfenzehn (rechts) offiziell verabschiedet. Foto: Benjamn Gei\u00df &#8211; \u00dcWRh\u00f6n<\/p><\/div>\n<p>Gut besucht war die Betriebsversammlung im Hause der \u00dcberlandwerk Rh\u00f6n GmbH in Mellrichstadt. Rund 160 aktive und ehemalige Mitarbeiterinnen und Mitarbeiter des kommunalen Stromversorgers aus Bayern, Hessen und Th\u00fcringen nutzten die Gelegenheit f\u00fcr einen R\u00fcckblick auf das Jahr 2019 und einen Ausblick auf das Jubil\u00e4umsjahr 2020.<\/p>\n<p>Vertrauensvolle Zusammenarbeit<br \/>\nDer Betriebsratsvorsitzende Martin Reu\u00dfenzehn gab einen \u00dcberblick \u00fcber die Aktivit\u00e4ten des Betriebsrates sowie der Jugendvertretung mit den Auszubildenden des Unternehmens im vergangenen Jahr. Dabei w\u00fcrdigte er die stets vertrauensvolle Zusammenarbeit mit der Gesch\u00e4ftsf\u00fchrung und der gesamten Belegschaft. Der Vorsitzende des Aufsichtsrates, Landrat Thomas Habermann, dankte in seinem Gru\u00dfwort allen Mitarbeiterinnen und Mitarbeitern f\u00fcr die hervorragende Arbeit zum Wohle des Unternehmens und unterstrich, wie wichtig das kommunale \u00dcberlandwerk f\u00fcr die Region sei.<\/p>\n<p>St\u00e4ndige Optimierung durch Netzerneuerungen und immer neue Herausforderungen<br \/>\nGesch\u00e4ftsf\u00fchrer Helmut Grosser berichtete umfassend \u00fcber die Aktivit\u00e4ten des abgelaufenen Gesch\u00e4ftsjahres. Viele verschiedene Projekte im Netzbetrieb konnten ausgef\u00fchrt werden, die auch in der Zukunft zur sicheren Stromversorgung in unserer Region beitragen werden.<\/p>\n<p>Eine besondere Herausforderung im Jahr 2019 war auch der Wechsel der ca. 3.200 modernen Messeinrichtungen. F\u00fcr die n\u00e4chsten Jahre sollen noch ca. 38.000 moderne Messeinrichtungen sowie ca. 6.800 intelligente Messsysteme \u201eausgerollt\u201c werden.<\/p>\n<p>Auch wurde das Bau- und Beschaffungsprogramm f\u00fcr das Jahr 2020 vorgestellt. Es werden wieder rund 4,6 Mio. Euro zum Erhalt und Ausbau der Netzanlagen investiert.<\/p>\n<p>In allen Gesch\u00e4ftsfeldern sei man gut aufgestellt. Die Sparte Elektroinstallation ist f\u00fcr das erste Halbjahr 2020 bereits mit Auftr\u00e4gen nahezu ausgelastet. Der Stromvertrieb und Kundenservice bietet f\u00fcr unsere Stromkunden wettbewerbsf\u00e4hige Preise an.<\/p>\n<p>Ausbildung, Ehrungen und Verabschiedungen<br \/>\nDie \u00dcberlandwerk Rh\u00f6n GmbH sieht sich weiterhin in der Verantwortung, jungen Menschen eine qualifizierte Ausbildung und Arbeitsm\u00f6glichkeiten zu bieten. So befinden sich zurzeit 22 der ca. 200 Mitarbeiterinnen und Mitarbeiter in der Ausbildung. Im September werden f\u00fcnf Elektroniker f\u00fcr Betriebstechnik sowie zwei Industriekaufleute als Auszubildende neu eingestellt.<\/p>\n<p>Im Rahmen der Betriebsversammlung wurden au\u00dferdem Mitarbeiter\/-innen f\u00fcr ihre langj\u00e4hrige Zugeh\u00f6rigkeit zum Unternehmen geehrt. Monika St\u00fcrzel und Elke Stahl f\u00fcr 40 Jahre Betriebszugeh\u00f6rigkeit sowie Alfons Fu\u00df, Frank Fries, Petra Kl\u00fcber, Wolfgang Pfeiffer, Andreas H\u00f6ssel und Alexander Nadorow, die bereits 25 Jahre im \u00dcberlandwerk t\u00e4tig sind.<\/p>\n<p>Nach langj\u00e4hriger Betriebszugeh\u00f6rigkeit in den wohlverdienten Ruhestand verabschiedet wurden Hermann Schmitt und Dietmar Raab nach \u00fcber 48 Jahren, Erhard Leimbach nach \u00fcber 46 Jahren, Ursula Goldschalt nach \u00fcber 38 Jahren sowie Joachim Schreiber nach \u00fcber 27 Jahren.<\/p>\n<p>Landrat Thomas Habermann, der Betriebsratsvorsitzende Martin Reu\u00dfenzehn und der Gesch\u00e4ftsf\u00fchrer Helmut Grosser dankten den Jubilaren und Ruhest\u00e4ndlern f\u00fcr die langj\u00e4hrige Betriebstreue und den pflichtbewussten und immer zuverl\u00e4ssigen Einsatz f\u00fcr \u201eihr\u201c \u00dcberlandwerk.<br \/>\nINFO www.uew-rhoen.de<\/p>\n","protected":false},"excerpt":{"rendered":"<div class=\"tmnf_excerpt\"><p>Gut besucht war die Betriebsversammlung im Hause der \u00dcberlandwerk Rh\u00f6n GmbH in Mellrichstadt. Rund 160 aktive und ehemalige Mitarbeiterinnen und Mitarbeiter des kommunalen Stromversorgers aus Bayern, Hessen und Th\u00fcringen nutzten die Gelegenheit f\u00fcr einen R\u00fcckblick auf das Jahr 2019 und einen Ausblick auf das Jubil\u00e4umsjahr 2020. Vertrauensvolle Zusammenarbeit Der Betriebsratsvorsitzende Martin Reu\u00dfenzehn gab einen \u00dcberblick &hellip;<\/p>\n<\/div>","protected":false},"author":1,"featured_media":183793,"comment_status":"closed","ping_status":"closed","sticky":false,"template":"","format":"standard","meta":{"footnotes":""},"categories":[1],"tags":[],"class_list":["post-183792","post","type-post","status-publish","format-standard","has-post-thumbnail","hentry","category-startseite"],"_links":{"self":[{"href":"https:\/\/www.fuldaernachrichten.de\/index.php?rest_route=\/wp\/v2\/posts\/183792","targetHints":{"allow":["GET"]}}],"collection":[{"href":"https:\/\/www.fuldaernachrichten.de\/index.php?rest_route=\/wp\/v2\/posts"}],"about":[{"href":"https:\/\/www.fuldaernachrichten.de\/index.php?rest_route=\/wp\/v2\/types\/post"}],"author":[{"embeddable":true,"href":"https:\/\/www.fuldaernachrichten.de\/index.php?rest_route=\/wp\/v2\/users\/1"}],"replies":[{"embeddable":true,"href":"https:\/\/www.fuldaernachrichten.de\/index.php?rest_route=%2Fwp%2Fv2%2Fcomments&post=183792"}],"version-history":[{"count":1,"href":"https:\/\/www.fuldaernachrichten.de\/index.php?rest_route=\/wp\/v2\/posts\/183792\/revisions"}],"predecessor-version":[{"id":183795,"href":"https:\/\/www.fuldaernachrichten.de\/index.php?rest_route=\/wp\/v2\/posts\/183792\/revisions\/183795"}],"wp:featuredmedia":[{"embeddable":true,"href":"https:\/\/www.fuldaernachrichten.de\/index.php?rest_route=\/wp\/v2\/media\/183793"}],"wp:attachment":[{"href":"https:\/\/www.fuldaernachrichten.de\/index.php?rest_route=%2Fwp%2Fv2%2Fmedia&parent=183792"}],"wp:term":[{"taxonomy":"category","embeddable":true,"href":"https:\/\/www.fuldaernachrichten.de\/index.php?rest_route=%2Fwp%2Fv2%2Fcategories&post=183792"},{"taxonomy":"post_tag","embeddable":true,"href":"https:\/\/www.fuldaernachrichten.de\/index.php?rest_route=%2Fwp%2Fv2%2Ftags&post=183792"}],"curies":[{"name":"wp","href":"https:\/\/api.w.org\/{rel}","templated":true}]}}