{"id":183787,"date":"2020-03-07T21:44:49","date_gmt":"2020-03-07T20:44:49","guid":{"rendered":"http:\/\/fuldaer-nachrichten.de\/?p=183787"},"modified":"2020-03-07T21:44:49","modified_gmt":"2020-03-07T20:44:49","slug":"japanische-tuschmalerei","status":"publish","type":"post","link":"https:\/\/www.fuldaernachrichten.de\/?p=183787","title":{"rendered":"Japanische Tuschmalerei"},"content":{"rendered":"<p>Frau Jutta K\u00e4mpfer-Kutznik bietet im Bonifatiuskloster eine Einf\u00fchrung in die traditionelle japanische Tuschmalerei an. Der Kurs beginnt am Freitag, den 13. M\u00e4rz um 18.00 Uhr und endet am Sonntag, den 15. M\u00e4rz mit dem Mittagessen. Die Kosten betragen 270\u00e2\u201a\u00ac. Bitte anmelden im G\u00e4steb\u00fcro des Bonifatiusklosters.<\/p>\n","protected":false},"excerpt":{"rendered":"<div class=\"tmnf_excerpt\"><p>Frau Jutta K\u00e4mpfer-Kutznik bietet im Bonifatiuskloster eine Einf\u00fchrung in die traditionelle japanische Tuschmalerei an. Der Kurs beginnt am Freitag, den 13. M\u00e4rz um 18.00 Uhr und endet am Sonntag, den 15. M\u00e4rz mit dem Mittagessen. Die Kosten betragen 270\u00e2\u201a\u00ac. Bitte anmelden im G\u00e4steb\u00fcro des Bonifatiusklosters.<\/p>\n<\/div>","protected":false},"author":1,"featured_media":0,"comment_status":"closed","ping_status":"closed","sticky":false,"template":"","format":"standard","meta":{"footnotes":""},"categories":[1],"tags":[],"class_list":["post-183787","post","type-post","status-publish","format-standard","hentry","category-startseite"],"_links":{"self":[{"href":"https:\/\/www.fuldaernachrichten.de\/index.php?rest_route=\/wp\/v2\/posts\/183787","targetHints":{"allow":["GET"]}}],"collection":[{"href":"https:\/\/www.fuldaernachrichten.de\/index.php?rest_route=\/wp\/v2\/posts"}],"about":[{"href":"https:\/\/www.fuldaernachrichten.de\/index.php?rest_route=\/wp\/v2\/types\/post"}],"author":[{"embeddable":true,"href":"https:\/\/www.fuldaernachrichten.de\/index.php?rest_route=\/wp\/v2\/users\/1"}],"replies":[{"embeddable":true,"href":"https:\/\/www.fuldaernachrichten.de\/index.php?rest_route=%2Fwp%2Fv2%2Fcomments&post=183787"}],"version-history":[{"count":1,"href":"https:\/\/www.fuldaernachrichten.de\/index.php?rest_route=\/wp\/v2\/posts\/183787\/revisions"}],"predecessor-version":[{"id":183788,"href":"https:\/\/www.fuldaernachrichten.de\/index.php?rest_route=\/wp\/v2\/posts\/183787\/revisions\/183788"}],"wp:attachment":[{"href":"https:\/\/www.fuldaernachrichten.de\/index.php?rest_route=%2Fwp%2Fv2%2Fmedia&parent=183787"}],"wp:term":[{"taxonomy":"category","embeddable":true,"href":"https:\/\/www.fuldaernachrichten.de\/index.php?rest_route=%2Fwp%2Fv2%2Fcategories&post=183787"},{"taxonomy":"post_tag","embeddable":true,"href":"https:\/\/www.fuldaernachrichten.de\/index.php?rest_route=%2Fwp%2Fv2%2Ftags&post=183787"}],"curies":[{"name":"wp","href":"https:\/\/api.w.org\/{rel}","templated":true}]}}