{"id":18378,"date":"2008-12-30T00:02:02","date_gmt":"2008-12-29T23:02:02","guid":{"rendered":"http:\/\/www.schoene-nachrichten.de\/?p=18378"},"modified":"2008-12-30T00:16:21","modified_gmt":"2008-12-29T23:16:21","slug":"sonnenstrom-vom-deponiestandort-in-kalbach-landkreis-fulda-und-synenergie-nehmen-fotovoltaik-park-in-betrieb","status":"publish","type":"post","link":"https:\/\/www.fuldaernachrichten.de\/?p=18378","title":{"rendered":"Sonnenstrom vom Deponiestandort in Kalbach &#8211; Landkreis Fulda und SynEnergie nehmen Fotovoltaik-Park in Betrieb"},"content":{"rendered":"<p><a href=\"http:\/\/www.schoene-nachrichten.de\/wp-content\/uploads\/2008\/12\/081229_solar_064.jpg\"><img decoding=\"async\" class=\"alignnone size-medium wp-image-18390\" title=\"081229_solar_064\" src=\"http:\/\/www.schoene-nachrichten.de\/wp-content\/uploads\/2008\/12\/081229_solar_064.jpg\" alt=\"081229_solar_064\" width=\"560\" srcset=\"https:\/\/www.fuldaernachrichten.de\/wp-content\/uploads\/2008\/12\/081229_solar_064.jpg 592w, https:\/\/www.fuldaernachrichten.de\/wp-content\/uploads\/2008\/12\/081229_solar_064-265x175.jpg 265w\" sizes=\"(max-width: 592px) 100vw, 592px\" \/><\/a><\/p>\n<p><strong>Oberkallbach. <\/strong>Ein sichtbares Zeichen f\u00fcr die Bedeutung erneuerbarer Energien ist auf dem Gel\u00e4nde der Kreisabfalldeponie in Kalbach entstanden. Heute nahmen Finanz-Staatssekret\u00e4r Dr. Walter Arnold, Landrat Bernd Woide, Erster Kreisbeigeordneter Dr. Heiko Wingenfeld, Regierungspr\u00e4sident Lutz Klein, B\u00fcrgermeister Dag Wehner und Gesch\u00e4ftsf\u00fchrer Ludwig Sonntag von der SynEnergie den neuen Solarpark offiziell in Betrieb. Es handelt sich um eine der gr\u00f6\u00dften und leistungsf\u00e4higsten Fotovoltaik-Anlagen der Region. Betreiber ist die SynEnergie, ein Tochterunternehmen der \u00dcWAG.<br \/>\n<!--more--><\/p>\n<p><strong>Fotos (62):<\/strong> Max Colin Heydenreich<\/p>\n<p><a title=\"Foto: Max Colin Heydenreich\" rel=\"lightbox[roadtrip]\" href=\"http:\/\/www.schoene-nachrichten.de\/wp-content\/uploads\/2008\/12\/081229_Solar_057.jpg\" target=\"_blank\"><img decoding=\"async\" src=\"http:\/\/www.schoene-nachrichten.de\/wp-content\/uploads\/2008\/12\/081229_Solar_057.thumbnail.jpg\" alt=\"081229_Solar_057.jpg\" width=\"265\" \/><\/a> <a title=\"Foto: Max Colin Heydenreich\" rel=\"lightbox[roadtrip]\" href=\"http:\/\/www.schoene-nachrichten.de\/wp-content\/uploads\/2008\/12\/081229_Solar_058.jpg\" target=\"_blank\"><img decoding=\"async\" src=\"http:\/\/www.schoene-nachrichten.de\/wp-content\/uploads\/2008\/12\/081229_Solar_058.thumbnail.jpg\" alt=\"081229_Solar_058.jpg\" width=\"265\" \/><\/a><\/p>\n<p>1.652 Solarmodule auf 34 drehbaren Ger\u00fcsten, die sich nach dem Stand der Sonne ausrichten, erzeugen j\u00e4hrlich rund 475.000 Kilowattstunden umweltfreundlichen Sonnenstrom. Dies entspricht dem Strombedarf von mehr als 135 Drei-Personen-Haushalten. Im Vergleich zur herk\u00f6mmlichen Stromerzeugung werden rund 250.000 Kilogramm an CO \u2013Emissionen eingespart. Mit 89 Quadratmeter geh\u00f6ren die in Kalbach eingesetzten Sonnensegel zu den gr\u00f6\u00dften serienm\u00e4\u00dfig gefertigten Nachf\u00fchrsystem weltweit. Die SynEnergie hat rund zwei Millionen Euro in den Bau der Anlage investiert.<\/p>\n<p><a title=\"Foto: Max Colin Heydenreich\" rel=\"lightbox[roadtrip]\" href=\"http:\/\/www.schoene-nachrichten.de\/wp-content\/uploads\/2008\/12\/081229_Solar_049.jpg\" target=\"_blank\"><img decoding=\"async\" src=\"http:\/\/www.schoene-nachrichten.de\/wp-content\/uploads\/2008\/12\/081229_Solar_049.thumbnail.jpg\" alt=\"081229_Solar_049.jpg\" width=\"265\" \/><\/a> <a title=\"Foto: Max Colin Heydenreich\" rel=\"lightbox[roadtrip]\" href=\"http:\/\/www.schoene-nachrichten.de\/wp-content\/uploads\/2008\/12\/081229_Solar_050.jpg\" target=\"_blank\"><img decoding=\"async\" src=\"http:\/\/www.schoene-nachrichten.de\/wp-content\/uploads\/2008\/12\/081229_Solar_050.thumbnail.jpg\" alt=\"081229_Solar_050.jpg\" width=\"265\" \/><\/a><\/p>\n<p><strong>Deponie als Energiek\u00f6rper nutzen<\/strong><\/p>\n<p>Erster Kreisbeigeordneter Dr. Heiko Wingenfeld sprach als Abfalldezernent des Landkreises Fulda von einer in mehrfacher Hinsicht bemerkenswerten Anlage. Zum einen werde nicht mehr ben\u00f6tigte Deponiefl\u00e4che einer sinnvollen und zukunftsgerichteten Nachfolgenutzung zugef\u00fchrt. \u201eDie Einrichtung eines Solarparks entspricht passgenau der Vision, die Kreisabfalldeponie k\u00fcnftig als Energiek\u00f6rper zu betrachten und weiter zu entwickeln.\u201c Gleichzeitig gingen keine potentiell wertvollen landwirtschaftlichen Fl\u00e4chen verloren, sondern k\u00f6nnten weiterhin als Schafweide genutzt werden.<\/p>\n<p><a title=\"Foto: Max Colin Heydenreich\" rel=\"lightbox[roadtrip]\" href=\"http:\/\/www.schoene-nachrichten.de\/wp-content\/uploads\/2008\/12\/081229_Solar_055.jpg\" target=\"_blank\"><img decoding=\"async\" src=\"http:\/\/www.schoene-nachrichten.de\/wp-content\/uploads\/2008\/12\/081229_Solar_055.thumbnail.jpg\" alt=\"081229_Solar_055.jpg\" width=\"265\" \/><\/a> <a title=\"Foto: Max Colin Heydenreich\" rel=\"lightbox[roadtrip]\" href=\"http:\/\/www.schoene-nachrichten.de\/wp-content\/uploads\/2008\/12\/081229_Solar_056.jpg\" target=\"_blank\"><img decoding=\"async\" src=\"http:\/\/www.schoene-nachrichten.de\/wp-content\/uploads\/2008\/12\/081229_Solar_056.thumbnail.jpg\" alt=\"081229_Solar_056.jpg\" width=\"265\" \/><\/a><\/p>\n<p>Neben dem Standort bewertete Erster Kreisbeigeordneter Dr. Wingenfeld auch die Entstehungsgeschichte der Anlage als bemerkenswert. Die Idee f\u00fcr den Solarpark gehe auf eine einstimmig verabschiedete Kreistagsinitiative zur\u00fcck. \u201eWenn heute bisweilen gefragt wird, was der einzelne Abgeordnete bewirken k\u00f6nne, so stellt der Solarpark unter Beweis, dass der Kreistag ein wichtiger Impulsgeber f\u00fcr die Kreispolitik ist.\u201c Bemerkenswert sei schlie\u00dflich die Zusammenarbeit mit den Naturschutzverb\u00e4nden nicht nur bei der Standortsuche, sondern dar\u00fcber hinaus beim Amphibienschutz.<\/p>\n<p><a title=\"Foto: Max Colin Heydenreich\" rel=\"lightbox[roadtrip]\" href=\"http:\/\/www.schoene-nachrichten.de\/wp-content\/uploads\/2008\/12\/081229_Solar_043.jpg\" target=\"_blank\"><img decoding=\"async\" src=\"http:\/\/www.schoene-nachrichten.de\/wp-content\/uploads\/2008\/12\/081229_Solar_043.thumbnail.jpg\" alt=\"081229_Solar_043.jpg\" width=\"265\" \/><\/a> <a title=\"Foto: Max Colin Heydenreich\" rel=\"lightbox[roadtrip]\" href=\"http:\/\/www.schoene-nachrichten.de\/wp-content\/uploads\/2008\/12\/081229_Solar_045.jpg\" target=\"_blank\"><img decoding=\"async\" src=\"http:\/\/www.schoene-nachrichten.de\/wp-content\/uploads\/2008\/12\/081229_Solar_045.thumbnail.jpg\" alt=\"081229_Solar_045.jpg\" width=\"265\" \/><\/a><\/p>\n<p><strong>Nachhaltigkeit in die Tat umsetzen<\/strong><\/p>\n<p>Dr. Arnold, Staatssekret\u00e4r im hessischen Finanzministerium, sprach von einer innovativen Anlage, die ihresgleichen in Hessen suche und deshalb Schule machen sollte. Durch die verst\u00e4rkte Nutzung erneuerbarer Energien k\u00f6nne die Nachhaltigkeit gest\u00e4rkt werden, ohne die Wirtschaftlichkeit zu vernachl\u00e4ssigen. Landrat Woide, der einen roten Faden sah, der sich von der Holzhackschnitzel-Heizanlage in Hofbieber \u00fcber die Biogasanlage in Eiterfeld bis zum Solarpark in Kalbach zieht, betonte, dass der Landkreis Fulda diese zukunftsweisenden Projekte der Energieversorgung nicht alleine realisieren k\u00f6nnen. \u201eWir brauchen starke regionale Partner wie die SynEnergie.\u201c<\/p>\n<p><a title=\"Foto: Max Colin Heydenreich\" rel=\"lightbox[roadtrip]\" href=\"http:\/\/www.schoene-nachrichten.de\/wp-content\/uploads\/2008\/12\/081229_Solar_051.jpg\" target=\"_blank\"><img decoding=\"async\" src=\"http:\/\/www.schoene-nachrichten.de\/wp-content\/uploads\/2008\/12\/081229_Solar_051.thumbnail.jpg\" alt=\"081229_Solar_051.jpg\" width=\"265\" \/><\/a> <a title=\"Foto: Max Colin Heydenreich\" rel=\"lightbox[roadtrip]\" href=\"http:\/\/www.schoene-nachrichten.de\/wp-content\/uploads\/2008\/12\/081229_Solar_052.jpg\" target=\"_blank\"><img decoding=\"async\" src=\"http:\/\/www.schoene-nachrichten.de\/wp-content\/uploads\/2008\/12\/081229_Solar_052.thumbnail.jpg\" alt=\"081229_Solar_052.jpg\" width=\"265\" \/><\/a><\/p>\n<p>Regierungspr\u00e4sident Klein betonte, dass es beim Genehmigungsverfahren gelungen sei, wichtige H\u00fcrden einvernehmlich auszur\u00e4umen, und \u00e4u\u00dferte die Hoffnung, dass \u201edie Sonne m\u00f6glichst oft \u00fcber Kalbach scheinen m\u00f6ge\u201c. Nach den Worten von B\u00fcrgermeister Wehner wandelt sich die Abfalldeponie immer mehr zum Energiezentrum. Der Weg von Kalbach zur Energiegemeinde finde nur einen vorl\u00e4ufigen Abschluss.<\/p>\n<p><a title=\"Foto: Max Colin Heydenreich\" rel=\"lightbox[roadtrip]\" href=\"http:\/\/www.schoene-nachrichten.de\/wp-content\/uploads\/2008\/12\/081229_Solar_062.jpg\" target=\"_blank\"><img decoding=\"async\" src=\"http:\/\/www.schoene-nachrichten.de\/wp-content\/uploads\/2008\/12\/081229_Solar_062.thumbnail.jpg\" alt=\"081229_Solar_062.jpg\" width=\"265\" \/><\/a> <a title=\"Foto: Max Colin Heydenreich\" rel=\"lightbox[roadtrip]\" href=\"http:\/\/www.schoene-nachrichten.de\/wp-content\/uploads\/2008\/12\/081229_Solar_063.jpg\" target=\"_blank\"><img decoding=\"async\" src=\"http:\/\/www.schoene-nachrichten.de\/wp-content\/uploads\/2008\/12\/081229_Solar_063.thumbnail.jpg\" alt=\"081229_Solar_063.jpg\" width=\"265\" \/><\/a><\/p>\n<p><a title=\"Foto: Max Colin Heydenreich\" rel=\"lightbox[roadtrip]\" href=\"http:\/\/www.schoene-nachrichten.de\/wp-content\/uploads\/2008\/12\/081229_Solar_019.jpg\" target=\"_blank\"><img decoding=\"async\" src=\"http:\/\/www.schoene-nachrichten.de\/wp-content\/uploads\/2008\/12\/081229_Solar_019.thumbnail.jpg\" alt=\"081229_Solar_019.jpg\" width=\"265\" \/><\/a> <a title=\"Foto: Max Colin Heydenreich\" rel=\"lightbox[roadtrip]\" href=\"http:\/\/www.schoene-nachrichten.de\/wp-content\/uploads\/2008\/12\/081229_Solar_020.jpg\" target=\"_blank\"><img decoding=\"async\" src=\"http:\/\/www.schoene-nachrichten.de\/wp-content\/uploads\/2008\/12\/081229_Solar_020.thumbnail.jpg\" alt=\"081229_Solar_020.jpg\" width=\"265\" \/><\/a><\/p>\n<p>Dank zollte Ludwig Montag der Neotron GmbH aus L\u00fctter. Das ausf\u00fchrende Bauunternehmen hatte die Anlage in den vergangenen Wochen unter Hochdruck montiert, damit die Anlage noch in diesem Jahr ans Netz gehen konnte. Die Solar-Anlage ist bereits das zweite Projekt, mit dem sich die \u00dcWAG-Gruppe auf dem Deponiegel\u00e4nde engagiert. Seit 1993 sorgt das Unternehmen mit einer Anlage der Kraft-W\u00e4rmekopplung f\u00fcr die Umwandlung des bei der Abfallzersetzung anfallenden Deponiegases zu Strom und W\u00e4rme. F\u00fcr Besucher gibt es in einem der beiden Technik-Geb\u00e4ude k\u00fcnftig ein Informations-Angebot. G\u00e4ste k\u00f6nnen dort nach Voranmeldung Wissenswertes \u00fcber die klimafreundliche Fotovoltaik-Technik und das in Kalbach eingesetzte System erfahren. Auf Umweltvertr\u00e4glichkeit setzen die SynEnergie GmbH und der Kreis Fulda auch bei der Grundst\u00fcckspflege: Eine Schafherde \u00fcbernimmt die Beweidung.<\/p>\n<p><a title=\"Foto: Max Colin Heydenreich\" rel=\"lightbox[roadtrip]\" href=\"http:\/\/www.schoene-nachrichten.de\/wp-content\/uploads\/2008\/12\/081229_Solar_021.jpg\" target=\"_blank\"><img decoding=\"async\" src=\"http:\/\/www.schoene-nachrichten.de\/wp-content\/uploads\/2008\/12\/081229_Solar_021.thumbnail.jpg\" alt=\"081229_Solar_021.jpg\" width=\"265\" \/> <\/a><a title=\"Foto: Max Colin Heydenreich\" rel=\"lightbox[roadtrip]\" href=\"http:\/\/www.schoene-nachrichten.de\/wp-content\/uploads\/2008\/12\/081229_Solar_022.jpg\" target=\"_blank\"><img decoding=\"async\" src=\"http:\/\/www.schoene-nachrichten.de\/wp-content\/uploads\/2008\/12\/081229_Solar_022.thumbnail.jpg\" alt=\"081229_Solar_022.jpg\" width=\"265\" \/><\/a><\/p>\n<p>Die SynEnergie GmbH ist ein Energie-Dienstleistungsunternehmen und bietet Unternehmen, Kommunen und Privatkunden zukunftsweisende L\u00f6sungen in den Bereichen Strom, W\u00e4rme, K\u00e4lte und Licht. Als Tochterunternehmen der \u00dcberlandwerk Fulda Aktiengesellschaft \u00fcbernimmt die SynEnergie GmbH Planung, Errichtung, Betrieb und Optimierung energietechnischer Anlagen und k\u00fcmmert sich um den effizienten Einsatz der erzeugten Energien. In der Region betreibt das Unternehmen zahlreiche unterschiedliche Energieerzeugungsanlagen mit dem Schwerpunkt auf erneuerbaren Energien und effizienten Kraft-W\u00e4rme-Kopplungssystemen, die gleichzeitig Strom und W\u00e4rme erzeugen.<\/p>\n<p><a title=\"Foto: Max Colin Heydenreich\" rel=\"lightbox[roadtrip]\" href=\"http:\/\/www.schoene-nachrichten.de\/wp-content\/uploads\/2008\/12\/081229_Solar_059.jpg\" target=\"_blank\"><img decoding=\"async\" src=\"http:\/\/www.schoene-nachrichten.de\/wp-content\/uploads\/2008\/12\/081229_Solar_059.thumbnail.jpg\" alt=\"081229_Solar_059.jpg\" width=\"265\" \/><\/a> <a title=\"Foto: Max Colin Heydenreich\" rel=\"lightbox[roadtrip]\" href=\"http:\/\/www.schoene-nachrichten.de\/wp-content\/uploads\/2008\/12\/081229_Solar_061.jpg\" target=\"_blank\"><img decoding=\"async\" src=\"http:\/\/www.schoene-nachrichten.de\/wp-content\/uploads\/2008\/12\/081229_Solar_061.thumbnail.jpg\" alt=\"081229_Solar_061.jpg\" width=\"265\" \/><\/a><\/p>\n<p><a title=\"Foto: Max Colin Heydenreich\" rel=\"lightbox[roadtrip]\" href=\"http:\/\/www.schoene-nachrichten.de\/wp-content\/uploads\/2008\/12\/081229_Solar_001.jpg\" target=\"_blank\"><img decoding=\"async\" src=\"http:\/\/www.schoene-nachrichten.de\/wp-content\/uploads\/2008\/12\/081229_Solar_001.thumbnail.jpg\" alt=\"081229_Solar_001.jpg\" width=\"265\" \/><\/a> <a title=\"Foto: Max Colin Heydenreich\" rel=\"lightbox[roadtrip]\" href=\"http:\/\/www.schoene-nachrichten.de\/wp-content\/uploads\/2008\/12\/081229_Solar_002.jpg\" target=\"_blank\"><img decoding=\"async\" src=\"http:\/\/www.schoene-nachrichten.de\/wp-content\/uploads\/2008\/12\/081229_Solar_002.thumbnail.jpg\" alt=\"081229_Solar_002.jpg\" width=\"265\" \/><\/a><\/p>\n<p><a title=\"Foto: Max Colin Heydenreich\" rel=\"lightbox[roadtrip]\" href=\"http:\/\/www.schoene-nachrichten.de\/wp-content\/uploads\/2008\/12\/081229_Solar_003.jpg\" target=\"_blank\"><img decoding=\"async\" src=\"http:\/\/www.schoene-nachrichten.de\/wp-content\/uploads\/2008\/12\/081229_Solar_003.thumbnail.jpg\" alt=\"081229_Solar_003.jpg\" width=\"265\" \/><\/a> <a title=\"Foto: Max Colin Heydenreich\" rel=\"lightbox[roadtrip]\" href=\"http:\/\/www.schoene-nachrichten.de\/wp-content\/uploads\/2008\/12\/081229_Solar_004.jpg\" target=\"_blank\"><img decoding=\"async\" src=\"http:\/\/www.schoene-nachrichten.de\/wp-content\/uploads\/2008\/12\/081229_Solar_004.thumbnail.jpg\" alt=\"081229_Solar_004.jpg\" width=\"265\" \/><\/a><\/p>\n<p><a title=\"Foto: Max Colin Heydenreich\" rel=\"lightbox[roadtrip]\" href=\"http:\/\/www.schoene-nachrichten.de\/wp-content\/uploads\/2008\/12\/081229_Solar_005.jpg\" target=\"_blank\"><img decoding=\"async\" src=\"http:\/\/www.schoene-nachrichten.de\/wp-content\/uploads\/2008\/12\/081229_Solar_005.thumbnail.jpg\" alt=\"081229_Solar_005.jpg\" width=\"265\" \/><\/a> <a title=\"Foto: Max Colin Heydenreich\" rel=\"lightbox[roadtrip]\" href=\"http:\/\/www.schoene-nachrichten.de\/wp-content\/uploads\/2008\/12\/081229_Solar_006.jpg\" target=\"_blank\"><img decoding=\"async\" src=\"http:\/\/www.schoene-nachrichten.de\/wp-content\/uploads\/2008\/12\/081229_Solar_006.thumbnail.jpg\" alt=\"081229_Solar_006.jpg\" width=\"265\" \/><\/a><\/p>\n<p><a title=\"Foto: Max Colin Heydenreich\" rel=\"lightbox[roadtrip]\" href=\"http:\/\/www.schoene-nachrichten.de\/wp-content\/uploads\/2008\/12\/081229_Solar_007.jpg\" target=\"_blank\"><img decoding=\"async\" src=\"http:\/\/www.schoene-nachrichten.de\/wp-content\/uploads\/2008\/12\/081229_Solar_007.thumbnail.jpg\" alt=\"081229_Solar_007.jpg\" width=\"265\" \/><\/a> <a title=\"Foto: Max Colin Heydenreich\" rel=\"lightbox[roadtrip]\" href=\"http:\/\/www.schoene-nachrichten.de\/wp-content\/uploads\/2008\/12\/081229_Solar_008.jpg\" target=\"_blank\"><img decoding=\"async\" src=\"http:\/\/www.schoene-nachrichten.de\/wp-content\/uploads\/2008\/12\/081229_Solar_008.thumbnail.jpg\" alt=\"081229_Solar_008.jpg\" width=\"265\" \/><\/a><\/p>\n<p><a title=\"Foto: Max Colin Heydenreich\" rel=\"lightbox[roadtrip]\" href=\"http:\/\/www.schoene-nachrichten.de\/wp-content\/uploads\/2008\/12\/081229_Solar_009.jpg\" target=\"_blank\"><img decoding=\"async\" src=\"http:\/\/www.schoene-nachrichten.de\/wp-content\/uploads\/2008\/12\/081229_Solar_009.thumbnail.jpg\" alt=\"081229_Solar_009.jpg\" width=\"265\" \/><\/a> <a title=\"Foto: Max Colin Heydenreich\" rel=\"lightbox[roadtrip]\" href=\"http:\/\/www.schoene-nachrichten.de\/wp-content\/uploads\/2008\/12\/081229_Solar_010.jpg\" target=\"_blank\"><img decoding=\"async\" src=\"http:\/\/www.schoene-nachrichten.de\/wp-content\/uploads\/2008\/12\/081229_Solar_010.thumbnail.jpg\" alt=\"081229_Solar_010.jpg\" width=\"265\" \/><\/a><\/p>\n<p><a title=\"Foto: Max Colin Heydenreich\" rel=\"lightbox[roadtrip]\" href=\"http:\/\/www.schoene-nachrichten.de\/wp-content\/uploads\/2008\/12\/081229_Solar_011.jpg\" target=\"_blank\"><img decoding=\"async\" src=\"http:\/\/www.schoene-nachrichten.de\/wp-content\/uploads\/2008\/12\/081229_Solar_011.thumbnail.jpg\" alt=\"081229_Solar_011.jpg\" width=\"265\" \/><\/a> <a title=\"Foto: Max Colin Heydenreich\" rel=\"lightbox[roadtrip]\" href=\"http:\/\/www.schoene-nachrichten.de\/wp-content\/uploads\/2008\/12\/081229_Solar_012.jpg\" target=\"_blank\"><img decoding=\"async\" src=\"http:\/\/www.schoene-nachrichten.de\/wp-content\/uploads\/2008\/12\/081229_Solar_012.thumbnail.jpg\" alt=\"081229_Solar_012.jpg\" width=\"265\" \/><\/a><\/p>\n<p><a title=\"Foto: Max Colin Heydenreich\" rel=\"lightbox[roadtrip]\" href=\"http:\/\/www.schoene-nachrichten.de\/wp-content\/uploads\/2008\/12\/081229_Solar_013.jpg\" target=\"_blank\"><img decoding=\"async\" src=\"http:\/\/www.schoene-nachrichten.de\/wp-content\/uploads\/2008\/12\/081229_Solar_013.thumbnail.jpg\" alt=\"081229_Solar_013.jpg\" width=\"265\" \/><\/a> <a title=\"Foto: Max Colin Heydenreich\" rel=\"lightbox[roadtrip]\" href=\"http:\/\/www.schoene-nachrichten.de\/wp-content\/uploads\/2008\/12\/081229_Solar_014.jpg\" target=\"_blank\"><img decoding=\"async\" src=\"http:\/\/www.schoene-nachrichten.de\/wp-content\/uploads\/2008\/12\/081229_Solar_014.thumbnail.jpg\" alt=\"081229_Solar_014.jpg\" width=\"265\" \/><\/a><\/p>\n<p><a title=\"Foto: Max Colin Heydenreich\" rel=\"lightbox[roadtrip]\" href=\"http:\/\/www.schoene-nachrichten.de\/wp-content\/uploads\/2008\/12\/081229_Solar_015.jpg\" target=\"_blank\"><img decoding=\"async\" src=\"http:\/\/www.schoene-nachrichten.de\/wp-content\/uploads\/2008\/12\/081229_Solar_015.thumbnail.jpg\" alt=\"081229_Solar_015.jpg\" width=\"265\" \/><\/a><a title=\"Foto: Max Colin Heydenreich\" rel=\"lightbox[roadtrip]\" href=\"http:\/\/www.schoene-nachrichten.de\/wp-content\/uploads\/2008\/12\/081229_Solar_016.jpg\" target=\"_blank\"> <img decoding=\"async\" src=\"http:\/\/www.schoene-nachrichten.de\/wp-content\/uploads\/2008\/12\/081229_Solar_016.thumbnail.jpg\" alt=\"081229_Solar_016.jpg\" width=\"265\" \/><\/a><\/p>\n<p><a title=\"Foto: Max Colin Heydenreich\" rel=\"lightbox[roadtrip]\" href=\"http:\/\/www.schoene-nachrichten.de\/wp-content\/uploads\/2008\/12\/081229_Solar_017.jpg\" target=\"_blank\"><img decoding=\"async\" src=\"http:\/\/www.schoene-nachrichten.de\/wp-content\/uploads\/2008\/12\/081229_Solar_017.thumbnail.jpg\" alt=\"081229_Solar_017.jpg\" width=\"265\" \/><\/a> <a title=\"Foto: Max Colin Heydenreich\" rel=\"lightbox[roadtrip]\" href=\"http:\/\/www.schoene-nachrichten.de\/wp-content\/uploads\/2008\/12\/081229_Solar_018.jpg\" target=\"_blank\"><img decoding=\"async\" src=\"http:\/\/www.schoene-nachrichten.de\/wp-content\/uploads\/2008\/12\/081229_Solar_018.thumbnail.jpg\" alt=\"081229_Solar_018.jpg\" width=\"265\" \/><\/a><\/p>\n<p><a title=\"Foto: Max Colin Heydenreich\" rel=\"lightbox[roadtrip]\" href=\"http:\/\/www.schoene-nachrichten.de\/wp-content\/uploads\/2008\/12\/081229_Solar_023.jpg\" target=\"_blank\"><img decoding=\"async\" src=\"http:\/\/www.schoene-nachrichten.de\/wp-content\/uploads\/2008\/12\/081229_Solar_023.thumbnail.jpg\" alt=\"081229_Solar_023.jpg\" width=\"265\" \/><\/a> <a title=\"Foto: Max Colin Heydenreich\" rel=\"lightbox[roadtrip]\" href=\"http:\/\/www.schoene-nachrichten.de\/wp-content\/uploads\/2008\/12\/081229_Solar_024.jpg\" target=\"_blank\"><img decoding=\"async\" src=\"http:\/\/www.schoene-nachrichten.de\/wp-content\/uploads\/2008\/12\/081229_Solar_024.thumbnail.jpg\" alt=\"081229_Solar_024.jpg\" width=\"265\" \/><\/a><\/p>\n<p><a title=\"Foto: Max Colin Heydenreich\" rel=\"lightbox[roadtrip]\" href=\"http:\/\/www.schoene-nachrichten.de\/wp-content\/uploads\/2008\/12\/081229_Solar_025.jpg\" target=\"_blank\"><img decoding=\"async\" src=\"http:\/\/www.schoene-nachrichten.de\/wp-content\/uploads\/2008\/12\/081229_Solar_025.thumbnail.jpg\" alt=\"081229_Solar_025.jpg\" width=\"265\" \/><\/a> <a title=\"Foto: Max Colin Heydenreich\" rel=\"lightbox[roadtrip]\" href=\"http:\/\/www.schoene-nachrichten.de\/wp-content\/uploads\/2008\/12\/081229_Solar_026.jpg\" target=\"_blank\"><img decoding=\"async\" src=\"http:\/\/www.schoene-nachrichten.de\/wp-content\/uploads\/2008\/12\/081229_Solar_026.thumbnail.jpg\" alt=\"081229_Solar_026.jpg\" width=\"265\" \/><\/a><\/p>\n<p><a title=\"Foto: Max Colin Heydenreich\" rel=\"lightbox[roadtrip]\" href=\"http:\/\/www.schoene-nachrichten.de\/wp-content\/uploads\/2008\/12\/081229_Solar_027.jpg\" target=\"_blank\"><img decoding=\"async\" src=\"http:\/\/www.schoene-nachrichten.de\/wp-content\/uploads\/2008\/12\/081229_Solar_027.thumbnail.jpg\" alt=\"081229_Solar_027.jpg\" width=\"265\" \/> <\/a><a title=\"Foto: Max Colin Heydenreich\" rel=\"lightbox[roadtrip]\" href=\"http:\/\/www.schoene-nachrichten.de\/wp-content\/uploads\/2008\/12\/081229_Solar_028.jpg\" target=\"_blank\"><img decoding=\"async\" src=\"http:\/\/www.schoene-nachrichten.de\/wp-content\/uploads\/2008\/12\/081229_Solar_028.thumbnail.jpg\" alt=\"081229_Solar_028.jpg\" width=\"265\" \/><\/a><\/p>\n<p><a title=\"Foto: Max Colin Heydenreich\" rel=\"lightbox[roadtrip]\" href=\"http:\/\/www.schoene-nachrichten.de\/wp-content\/uploads\/2008\/12\/081229_Solar_029.jpg\" target=\"_blank\"><img decoding=\"async\" src=\"http:\/\/www.schoene-nachrichten.de\/wp-content\/uploads\/2008\/12\/081229_Solar_029.thumbnail.jpg\" alt=\"081229_Solar_029.jpg\" width=\"265\" \/><\/a> <a title=\"Foto: Max Colin Heydenreich\" rel=\"lightbox[roadtrip]\" href=\"http:\/\/www.schoene-nachrichten.de\/wp-content\/uploads\/2008\/12\/081229_Solar_030.jpg\" target=\"_blank\"><img decoding=\"async\" src=\"http:\/\/www.schoene-nachrichten.de\/wp-content\/uploads\/2008\/12\/081229_Solar_030.thumbnail.jpg\" alt=\"081229_Solar_030.jpg\" width=\"265\" \/><\/a><\/p>\n<p><a title=\"Foto: Max Colin Heydenreich\" rel=\"lightbox[roadtrip]\" href=\"http:\/\/www.schoene-nachrichten.de\/wp-content\/uploads\/2008\/12\/081229_Solar_031.jpg\" target=\"_blank\"><img decoding=\"async\" src=\"http:\/\/www.schoene-nachrichten.de\/wp-content\/uploads\/2008\/12\/081229_Solar_031.thumbnail.jpg\" alt=\"081229_Solar_031.jpg\" width=\"265\" \/><\/a> <a title=\"Foto: Max Colin Heydenreich\" rel=\"lightbox[roadtrip]\" href=\"http:\/\/www.schoene-nachrichten.de\/wp-content\/uploads\/2008\/12\/081229_Solar_032.jpg\" target=\"_blank\"><img decoding=\"async\" src=\"http:\/\/www.schoene-nachrichten.de\/wp-content\/uploads\/2008\/12\/081229_Solar_032.thumbnail.jpg\" alt=\"081229_Solar_032.jpg\" width=\"265\" \/><\/a><\/p>\n<p><a title=\"Foto: Max Colin Heydenreich\" rel=\"lightbox[roadtrip]\" href=\"http:\/\/www.schoene-nachrichten.de\/wp-content\/uploads\/2008\/12\/081229_Solar_033.jpg\" target=\"_blank\"><img decoding=\"async\" src=\"http:\/\/www.schoene-nachrichten.de\/wp-content\/uploads\/2008\/12\/081229_Solar_033.thumbnail.jpg\" alt=\"081229_Solar_033.jpg\" width=\"265\" \/> <\/a><a title=\"Foto: Max Colin Heydenreich\" rel=\"lightbox[roadtrip]\" href=\"http:\/\/www.schoene-nachrichten.de\/wp-content\/uploads\/2008\/12\/081229_Solar_034.jpg\" target=\"_blank\"><img decoding=\"async\" src=\"http:\/\/www.schoene-nachrichten.de\/wp-content\/uploads\/2008\/12\/081229_Solar_034.thumbnail.jpg\" alt=\"081229_Solar_034.jpg\" width=\"265\" \/><\/a><\/p>\n<p><a title=\"Foto: Max Colin Heydenreich\" rel=\"lightbox[roadtrip]\" href=\"http:\/\/www.schoene-nachrichten.de\/wp-content\/uploads\/2008\/12\/081229_Solar_035.jpg\" target=\"_blank\"><img decoding=\"async\" src=\"http:\/\/www.schoene-nachrichten.de\/wp-content\/uploads\/2008\/12\/081229_Solar_035.thumbnail.jpg\" alt=\"081229_Solar_035.jpg\" width=\"265\" \/><\/a> <a title=\"Foto: Max Colin Heydenreich\" rel=\"lightbox[roadtrip]\" href=\"http:\/\/www.schoene-nachrichten.de\/wp-content\/uploads\/2008\/12\/081229_Solar_036.jpg\" target=\"_blank\"><img decoding=\"async\" src=\"http:\/\/www.schoene-nachrichten.de\/wp-content\/uploads\/2008\/12\/081229_Solar_036.thumbnail.jpg\" alt=\"081229_Solar_036.jpg\" width=\"265\" \/><\/a><\/p>\n<p><a title=\"Foto: Max Colin Heydenreich\" rel=\"lightbox[roadtrip]\" href=\"http:\/\/www.schoene-nachrichten.de\/wp-content\/uploads\/2008\/12\/081229_Solar_037.jpg\" target=\"_blank\"><img decoding=\"async\" src=\"http:\/\/www.schoene-nachrichten.de\/wp-content\/uploads\/2008\/12\/081229_Solar_037.thumbnail.jpg\" alt=\"081229_Solar_037.jpg\" width=\"265\" \/><\/a> <a title=\"Foto: Max Colin Heydenreich\" rel=\"lightbox[roadtrip]\" href=\"http:\/\/www.schoene-nachrichten.de\/wp-content\/uploads\/2008\/12\/081229_Solar_038.jpg\" target=\"_blank\"><img decoding=\"async\" src=\"http:\/\/www.schoene-nachrichten.de\/wp-content\/uploads\/2008\/12\/081229_Solar_038.thumbnail.jpg\" alt=\"081229_Solar_038.jpg\" width=\"265\" \/><\/a><\/p>\n<p><a title=\"Foto: Max Colin Heydenreich\" rel=\"lightbox[roadtrip]\" href=\"http:\/\/www.schoene-nachrichten.de\/wp-content\/uploads\/2008\/12\/081229_Solar_039.jpg\" target=\"_blank\"><img decoding=\"async\" src=\"http:\/\/www.schoene-nachrichten.de\/wp-content\/uploads\/2008\/12\/081229_Solar_039.thumbnail.jpg\" alt=\"081229_Solar_039.jpg\" width=\"265\" \/> <\/a><a title=\"Foto: Max Colin Heydenreich\" rel=\"lightbox[roadtrip]\" href=\"http:\/\/www.schoene-nachrichten.de\/wp-content\/uploads\/2008\/12\/081229_Solar_040.jpg\" target=\"_blank\"><img decoding=\"async\" src=\"http:\/\/www.schoene-nachrichten.de\/wp-content\/uploads\/2008\/12\/081229_Solar_040.thumbnail.jpg\" alt=\"081229_Solar_040.jpg\" width=\"265\" \/><\/a><\/p>\n<p><a title=\"Foto: Max Colin Heydenreich\" rel=\"lightbox[roadtrip]\" href=\"http:\/\/www.schoene-nachrichten.de\/wp-content\/uploads\/2008\/12\/081229_Solar_041.jpg\" target=\"_blank\"><img decoding=\"async\" src=\"http:\/\/www.schoene-nachrichten.de\/wp-content\/uploads\/2008\/12\/081229_Solar_041.thumbnail.jpg\" alt=\"081229_Solar_041.jpg\" width=\"265\" \/><\/a> <a title=\"Foto: Max Colin Heydenreich\" rel=\"lightbox[roadtrip]\" href=\"http:\/\/www.schoene-nachrichten.de\/wp-content\/uploads\/2008\/12\/081229_Solar_042.jpg\" target=\"_blank\"><img decoding=\"async\" src=\"http:\/\/www.schoene-nachrichten.de\/wp-content\/uploads\/2008\/12\/081229_Solar_042.thumbnail.jpg\" alt=\"081229_Solar_042.jpg\" width=\"265\" \/><\/a><\/p>\n<p><a title=\"Foto: Max Colin Heydenreich\" rel=\"lightbox[roadtrip]\" href=\"http:\/\/www.schoene-nachrichten.de\/wp-content\/uploads\/2008\/12\/081229_Solar_047.jpg\" target=\"_blank\"><img decoding=\"async\" src=\"http:\/\/www.schoene-nachrichten.de\/wp-content\/uploads\/2008\/12\/081229_Solar_047.thumbnail.jpg\" alt=\"081229_Solar_047.jpg\" width=\"265\" \/><\/a> <a title=\"Foto: Max Colin Heydenreich\" rel=\"lightbox[roadtrip]\" href=\"http:\/\/www.schoene-nachrichten.de\/wp-content\/uploads\/2008\/12\/081229_Solar_048.jpg\" target=\"_blank\"><img decoding=\"async\" src=\"http:\/\/www.schoene-nachrichten.de\/wp-content\/uploads\/2008\/12\/081229_Solar_048.thumbnail.jpg\" alt=\"081229_Solar_048.jpg\" width=\"265\" \/><\/a><\/p>\n<p><a title=\"Foto: Max Colin Heydenreich\" rel=\"lightbox[roadtrip]\" href=\"http:\/\/www.schoene-nachrichten.de\/wp-content\/uploads\/2008\/12\/081229_Solar_053.jpg\" target=\"_blank\"><img decoding=\"async\" src=\"http:\/\/www.schoene-nachrichten.de\/wp-content\/uploads\/2008\/12\/081229_Solar_053.thumbnail.jpg\" alt=\"081229_Solar_053.jpg\" width=\"265\" \/><\/a> <a title=\"Foto: Max Colin Heydenreich\" rel=\"lightbox[roadtrip]\" href=\"http:\/\/www.schoene-nachrichten.de\/wp-content\/uploads\/2008\/12\/081229_Solar_054.jpg\" target=\"_blank\"><img decoding=\"async\" src=\"http:\/\/www.schoene-nachrichten.de\/wp-content\/uploads\/2008\/12\/081229_Solar_054.thumbnail.jpg\" alt=\"081229_Solar_054.jpg\" width=\"265\" \/><\/a><\/p>\n<p><a title=\"Foto: Max Colin Heydenreich\" rel=\"lightbox[roadtrip]\" href=\"http:\/\/www.schoene-nachrichten.de\/wp-content\/uploads\/2008\/12\/081229_Solar_046.jpg\" target=\"_blank\"><img decoding=\"async\" src=\"http:\/\/www.schoene-nachrichten.de\/wp-content\/uploads\/2008\/12\/081229_Solar_046.thumbnail.jpg\" alt=\"081229_Solar_046.jpg\" width=\"265\" \/><\/a> <a title=\"Foto: Max Colin Heydenreich\" rel=\"lightbox[roadtrip]\" href=\"http:\/\/www.schoene-nachrichten.de\/wp-content\/uploads\/2008\/12\/081229_Solar_044.jpg\" target=\"_blank\"><img decoding=\"async\" src=\"http:\/\/www.schoene-nachrichten.de\/wp-content\/uploads\/2008\/12\/081229_Solar_044.thumbnail.jpg\" alt=\"081229_Solar_044.jpg\" width=\"265\" \/><\/a><\/p>\n","protected":false},"excerpt":{"rendered":"<div class=\"tmnf_excerpt\"><p>Oberkallbach. Ein sichtbares Zeichen f\u00fcr die Bedeutung erneuerbarer Energien ist auf dem Gel\u00e4nde der Kreisabfalldeponie in Kalbach entstanden. Heute nahmen Finanz-Staatssekret\u00e4r Dr. Walter Arnold, Landrat Bernd Woide, Erster Kreisbeigeordneter Dr. Heiko Wingenfeld, Regierungspr\u00e4sident Lutz Klein, B\u00fcrgermeister Dag Wehner und Gesch\u00e4ftsf\u00fchrer Ludwig Sonntag von der SynEnergie den neuen Solarpark offiziell in Betrieb. Es handelt sich um &hellip;<\/p>\n<\/div>","protected":false},"author":1,"featured_media":0,"comment_status":"closed","ping_status":"closed","sticky":false,"template":"","format":"standard","meta":{"footnotes":""},"categories":[1,54,29,78,52,48],"tags":[],"class_list":["post-18378","post","type-post","status-publish","format-standard","hentry","category-startseite","category-bildergalerien","category-politik","category-topthema","category-umwelt","category-forschung"],"_links":{"self":[{"href":"https:\/\/www.fuldaernachrichten.de\/index.php?rest_route=\/wp\/v2\/posts\/18378","targetHints":{"allow":["GET"]}}],"collection":[{"href":"https:\/\/www.fuldaernachrichten.de\/index.php?rest_route=\/wp\/v2\/posts"}],"about":[{"href":"https:\/\/www.fuldaernachrichten.de\/index.php?rest_route=\/wp\/v2\/types\/post"}],"author":[{"embeddable":true,"href":"https:\/\/www.fuldaernachrichten.de\/index.php?rest_route=\/wp\/v2\/users\/1"}],"replies":[{"embeddable":true,"href":"https:\/\/www.fuldaernachrichten.de\/index.php?rest_route=%2Fwp%2Fv2%2Fcomments&post=18378"}],"version-history":[{"count":10,"href":"https:\/\/www.fuldaernachrichten.de\/index.php?rest_route=\/wp\/v2\/posts\/18378\/revisions"}],"predecessor-version":[{"id":18393,"href":"https:\/\/www.fuldaernachrichten.de\/index.php?rest_route=\/wp\/v2\/posts\/18378\/revisions\/18393"}],"wp:attachment":[{"href":"https:\/\/www.fuldaernachrichten.de\/index.php?rest_route=%2Fwp%2Fv2%2Fmedia&parent=18378"}],"wp:term":[{"taxonomy":"category","embeddable":true,"href":"https:\/\/www.fuldaernachrichten.de\/index.php?rest_route=%2Fwp%2Fv2%2Fcategories&post=18378"},{"taxonomy":"post_tag","embeddable":true,"href":"https:\/\/www.fuldaernachrichten.de\/index.php?rest_route=%2Fwp%2Fv2%2Ftags&post=18378"}],"curies":[{"name":"wp","href":"https:\/\/api.w.org\/{rel}","templated":true}]}}