{"id":183696,"date":"2019-12-10T20:25:27","date_gmt":"2019-12-10T19:25:27","guid":{"rendered":"http:\/\/fuldaer-nachrichten.de\/?p=183696"},"modified":"2019-12-10T20:25:27","modified_gmt":"2019-12-10T19:25:27","slug":"knappe-entscheidung-zeugt-von-hoher-lesekompetenz","status":"publish","type":"post","link":"https:\/\/www.fuldaernachrichten.de\/?p=183696","title":{"rendered":"Knappe Entscheidung zeugt von hoher Lesekompetenz"},"content":{"rendered":"<p>Die H\u00e4nde gingen hoch in der Aula der Albert-Schweitzer-Schule, als Schulleiter Christian Bolduan vor wenigen Tagen anl\u00e4sslich des Vorlesewettbewerbs das Publikum in der Aula der Schule in der Schillerstra\u00dfe fragte, wer denn regelm\u00e4\u00dfig lese. Ein gutes Zeichen, fand er, schlie\u00dflich ist nicht nur das Motto des Vorlesewettbewerbs \u201eLesen ist Kino im Kopf\u201c. Und dieses Kino fand anl\u00e4sslich der Ermittlung der Schulsiegerin bereits in den fr\u00fchen Morgenstunden statt, als Roland Stoll, an dem Alsfelder Gymnasium zust\u00e4ndig f\u00fcr die Lesef\u00f6rderung, die vier Kandidatinnen der Klassen 6a bis 6d vorstellte: Lilli D\u00fcrer, Nele R\u00f6hm, Greta Georg und Annkathrin Lambertz waren in den Klassenentscheiden ausgew\u00e4hlt wurden, im Schulwettbewerb anzutreten und nat\u00fcrlich erhielten sie von ihren Mitsch\u00fclern und Mitsch\u00fclerinnen ganz viel Unterst\u00fctzung. In der Jury hatten mit Maria Zinn, Anna Gischler und Lena Jung drei Deutsch-Leistungskurs-Sch\u00fclerinnen Platz genommen, daneben Krimhild Hartmann vom Team der Stadtb\u00fccherei und die Autorin Traudi Schlitt.<!--more--><\/p>\n<p>Sie hatten zu beurteilen, wie gut die Kandidatinnen lesen: Wird sicher und fl\u00fcssig gelesen? Wie deutlich ist die Aussprache, wie angemessen Lesetempo und Betonung? Und wie funktioniert das alles noch bei einem unbekannten Text? Jeweils drei Minuten f\u00fcr einen Text ihrer Wahl hatten die Klassensiegerinnen, die in der Reihenfolge 6a bis 6d antraten. Ganz nebenbei pr\u00e4sentierten sie eine kleine, aber feine Auswahl dessen, was Sch\u00fclerinnen und Sch\u00fcler derzeit so lesen: \u201eWarrior Cats\u201c war auf der Liste, \u201eDie Haferhorde \u2013 Flausen im Schopf\u201c und mit \u201eTintenblut\u201c und \u201eTintenherz\u201c zwei Fast-schon-Klassiker von Cornelia Funke. Nachdem alle Vorleserinnen ihr kurze Textauswahl vorgestellt und gelesen hatten, war der Jury bereits klar, dass die Ermittlung einer Schulsiegerin keine leichte Aufgabe sein w\u00fcrde: Alle M\u00e4dchen lasen gut, betonten sch\u00f6n, sprachen deutlich und waren in ihrer Leistung sehr nah beieinander. Wenn es bei der einen vielleicht Kritik an der Schnelligkeit gab, war man bei der anderen mit der Textauswahl nicht ganz zufrieden; insgesamt jedoch wurde auf hohem Niveau kritisiert, was auch bei der Lekt\u00fcre des Fremdtextes so blieb.<\/p>\n<p>\u201eEmil und die Detektive\u201c hatte Roland Stoll daf\u00fcr ausgew\u00e4hlt. Einen wahren Klassiker von Erich K\u00e4stner, der aufgrund vieler unbekannter, alter W\u00f6rter und Sachverhalte sicher eine Herausforderung f\u00fcr die Vorleserinnen war. Diese meisterten jedoch alle H\u00fcrden und lie\u00dfen die f\u00fcnf Jurymitglieder vor einer schier unl\u00f6sbaren Aufgabe zur\u00fcck. Nach Aussch\u00f6pfen der kompletten Beratungszeit, in der argumentiert und abgewogen wurde, kehrten sie zur Bekanntgabe des Ergebnisses vor die Kandidatinnen und das Publikum zur\u00fcck. \u201eLilli D\u00fcrer ist die Schulsiegerin und wird die Albert-Schweitzer-Schule auf dem Bezirksentscheid vertreten\u201c, verk\u00fcndeten sie ihr wirklich knappes Urteil, zu dem die Schulgemeinde herzlich gratulierte. Mit B\u00fcchergutscheinen und um eine abenteuerliche Erfahrung reicher verabschiedeten sich die Kandidatinnen. Nur Lilli D\u00fcrer wird sich weiter auf den Wettbewerb im Fr\u00fchjahr vorbereiten.<br \/>\nZur Info: Der Vorlesewettbewerb des Deutschen Buchhandels steht unter der Schirmherrschaft des Bundespr\u00e4sidenten und z\u00e4hlt zu den gr\u00f6\u00dften bundesweiten Sch\u00fclerwettbewerben. Der Wettbewerb wird von der Kultusministerkonferenz empfohlen. Rund 600.000 Sch\u00fclerinnen und Sch\u00fcler beteiligen sich jedes Jahr. Seit 1959 wird er von der Stiftung Buchkultur und Lesef\u00f6rderung des B\u00f6rsenvereins des Deutschen Buchhandels in Zusammenarbeit mit Buchhandlungen, Bibliotheken, Schulen und kulturellen Einrichtungen veranstaltet.<\/p>\n","protected":false},"excerpt":{"rendered":"<div class=\"tmnf_excerpt\"><p>Die H\u00e4nde gingen hoch in der Aula der Albert-Schweitzer-Schule, als Schulleiter Christian Bolduan vor wenigen Tagen anl\u00e4sslich des Vorlesewettbewerbs das Publikum in der Aula der Schule in der Schillerstra\u00dfe fragte, wer denn regelm\u00e4\u00dfig lese. Ein gutes Zeichen, fand er, schlie\u00dflich ist nicht nur das Motto des Vorlesewettbewerbs \u201eLesen ist Kino im Kopf\u201c. Und dieses Kino &hellip;<\/p>\n<\/div>","protected":false},"author":1,"featured_media":183697,"comment_status":"closed","ping_status":"closed","sticky":false,"template":"","format":"standard","meta":{"footnotes":""},"categories":[1],"tags":[],"class_list":["post-183696","post","type-post","status-publish","format-standard","has-post-thumbnail","hentry","category-startseite"],"_links":{"self":[{"href":"https:\/\/www.fuldaernachrichten.de\/index.php?rest_route=\/wp\/v2\/posts\/183696","targetHints":{"allow":["GET"]}}],"collection":[{"href":"https:\/\/www.fuldaernachrichten.de\/index.php?rest_route=\/wp\/v2\/posts"}],"about":[{"href":"https:\/\/www.fuldaernachrichten.de\/index.php?rest_route=\/wp\/v2\/types\/post"}],"author":[{"embeddable":true,"href":"https:\/\/www.fuldaernachrichten.de\/index.php?rest_route=\/wp\/v2\/users\/1"}],"replies":[{"embeddable":true,"href":"https:\/\/www.fuldaernachrichten.de\/index.php?rest_route=%2Fwp%2Fv2%2Fcomments&post=183696"}],"version-history":[{"count":1,"href":"https:\/\/www.fuldaernachrichten.de\/index.php?rest_route=\/wp\/v2\/posts\/183696\/revisions"}],"predecessor-version":[{"id":183698,"href":"https:\/\/www.fuldaernachrichten.de\/index.php?rest_route=\/wp\/v2\/posts\/183696\/revisions\/183698"}],"wp:featuredmedia":[{"embeddable":true,"href":"https:\/\/www.fuldaernachrichten.de\/index.php?rest_route=\/wp\/v2\/media\/183697"}],"wp:attachment":[{"href":"https:\/\/www.fuldaernachrichten.de\/index.php?rest_route=%2Fwp%2Fv2%2Fmedia&parent=183696"}],"wp:term":[{"taxonomy":"category","embeddable":true,"href":"https:\/\/www.fuldaernachrichten.de\/index.php?rest_route=%2Fwp%2Fv2%2Fcategories&post=183696"},{"taxonomy":"post_tag","embeddable":true,"href":"https:\/\/www.fuldaernachrichten.de\/index.php?rest_route=%2Fwp%2Fv2%2Ftags&post=183696"}],"curies":[{"name":"wp","href":"https:\/\/api.w.org\/{rel}","templated":true}]}}