{"id":18321,"date":"2008-12-28T07:41:22","date_gmt":"2008-12-28T06:41:22","guid":{"rendered":"http:\/\/www.schoene-nachrichten.de\/?p=18321"},"modified":"2008-12-27T17:43:51","modified_gmt":"2008-12-27T16:43:51","slug":"buddenbrooks-kinostart-25122008","status":"publish","type":"post","link":"https:\/\/www.fuldaernachrichten.de\/?p=18321","title":{"rendered":"Buddenbrooks &#8211; Kinostart: 25.12.2008"},"content":{"rendered":"<p><strong><a href=\"http:\/\/www.schoene-nachrichten.de\/wp-content\/uploads\/2008\/12\/081227_budden.jpg\"><img decoding=\"async\" class=\"alignleft size-medium wp-image-18322\" title=\"081227_budden\" src=\"http:\/\/www.schoene-nachrichten.de\/wp-content\/uploads\/2008\/12\/081227_budden-265x177.jpg\" alt=\"081227_budden\" width=\"265\" height=\"177\" srcset=\"https:\/\/www.fuldaernachrichten.de\/wp-content\/uploads\/2008\/12\/081227_budden-265x177.jpg 265w, https:\/\/www.fuldaernachrichten.de\/wp-content\/uploads\/2008\/12\/081227_budden.jpg 700w\" sizes=\"(max-width: 265px) 100vw, 265px\" \/><\/a>Kino.<\/strong> L\u00fcbeck in der Mitte des 19. Jahrhunderts. Die alteingesessene Kaufmannsfamilie von Konsul Jean (Armin Mueller-Stahl) und Konsulin Bethsy (Iris Berben) Buddenbrook hat im Getreidehandel \u00fcber Generationen ihr Gl\u00fcck gemacht und genie\u00dft mit ihren drei Kindern Thomas (Mark Waschke), Christian (August Diehl) und Tony (Jessica Schwarz) das Leben in einer aufstrebenden Wirtschaftsmetropole. Das Private ist untrennbar mit dem Gesch\u00e4ftlichen verbunden, Familie und Firma sind eins. Als Konsul Jean stirbt, beginnt der Stern der Buddenbrooks langsam zu sinken, und ein bewegendes Familienschicksal nimmt seinen Lauf. Die strahlende Dynastie zerbricht langsam am Lebenskonflikt zwischen gesch\u00e4ftlichen Interessen und Streben nach pers\u00f6nlichem Gl\u00fcck\u00e2\u20ac\u00a6<\/p>\n","protected":false},"excerpt":{"rendered":"<div class=\"tmnf_excerpt\"><p>Kino. L\u00fcbeck in der Mitte des 19. Jahrhunderts. Die alteingesessene Kaufmannsfamilie von Konsul Jean (Armin Mueller-Stahl) und Konsulin Bethsy (Iris Berben) Buddenbrook hat im Getreidehandel \u00fcber Generationen ihr Gl\u00fcck gemacht und genie\u00dft mit ihren drei Kindern Thomas (Mark Waschke), Christian (August Diehl) und Tony (Jessica Schwarz) das Leben in einer aufstrebenden Wirtschaftsmetropole. Das Private ist &hellip;<\/p>\n<\/div>","protected":false},"author":1,"featured_media":0,"comment_status":"closed","ping_status":"closed","sticky":false,"template":"","format":"standard","meta":{"footnotes":""},"categories":[1,79],"tags":[],"class_list":["post-18321","post","type-post","status-publish","format-standard","hentry","category-startseite","category-kino"],"_links":{"self":[{"href":"https:\/\/www.fuldaernachrichten.de\/index.php?rest_route=\/wp\/v2\/posts\/18321","targetHints":{"allow":["GET"]}}],"collection":[{"href":"https:\/\/www.fuldaernachrichten.de\/index.php?rest_route=\/wp\/v2\/posts"}],"about":[{"href":"https:\/\/www.fuldaernachrichten.de\/index.php?rest_route=\/wp\/v2\/types\/post"}],"author":[{"embeddable":true,"href":"https:\/\/www.fuldaernachrichten.de\/index.php?rest_route=\/wp\/v2\/users\/1"}],"replies":[{"embeddable":true,"href":"https:\/\/www.fuldaernachrichten.de\/index.php?rest_route=%2Fwp%2Fv2%2Fcomments&post=18321"}],"version-history":[{"count":1,"href":"https:\/\/www.fuldaernachrichten.de\/index.php?rest_route=\/wp\/v2\/posts\/18321\/revisions"}],"predecessor-version":[{"id":18323,"href":"https:\/\/www.fuldaernachrichten.de\/index.php?rest_route=\/wp\/v2\/posts\/18321\/revisions\/18323"}],"wp:attachment":[{"href":"https:\/\/www.fuldaernachrichten.de\/index.php?rest_route=%2Fwp%2Fv2%2Fmedia&parent=18321"}],"wp:term":[{"taxonomy":"category","embeddable":true,"href":"https:\/\/www.fuldaernachrichten.de\/index.php?rest_route=%2Fwp%2Fv2%2Fcategories&post=18321"},{"taxonomy":"post_tag","embeddable":true,"href":"https:\/\/www.fuldaernachrichten.de\/index.php?rest_route=%2Fwp%2Fv2%2Ftags&post=18321"}],"curies":[{"name":"wp","href":"https:\/\/api.w.org\/{rel}","templated":true}]}}