{"id":18314,"date":"2008-12-28T07:35:10","date_gmt":"2008-12-28T06:35:10","guid":{"rendered":"http:\/\/www.schoene-nachrichten.de\/?p=18314"},"modified":"2008-12-27T17:35:39","modified_gmt":"2008-12-27T16:35:39","slug":"neuer-kreisvorstand-bei-den-jungen-liberalen-fulda","status":"publish","type":"post","link":"https:\/\/www.fuldaernachrichten.de\/?p=18314","title":{"rendered":"Neuer Kreisvorstand bei den Jungen Liberalen Fulda"},"content":{"rendered":"<p><a href=\"http:\/\/www.schoene-nachrichten.de\/wp-content\/uploads\/2008\/12\/081227_fdp.jpg\"><img fetchpriority=\"high\" decoding=\"async\" class=\"alignnone size-full wp-image-18317\" title=\"081227_fdp\" src=\"http:\/\/www.schoene-nachrichten.de\/wp-content\/uploads\/2008\/12\/081227_fdp.jpg\" alt=\"081227_fdp\" width=\"550\" height=\"230\" srcset=\"https:\/\/www.fuldaernachrichten.de\/wp-content\/uploads\/2008\/12\/081227_fdp.jpg 550w, https:\/\/www.fuldaernachrichten.de\/wp-content\/uploads\/2008\/12\/081227_fdp-265x110.jpg 265w\" sizes=\"(max-width: 550px) 100vw, 550px\" \/><\/a><\/p>\n<p><strong>Fulda. <\/strong>Die Jungen Liberalen (JuLis) Fulda haben auf einer Kreismitgliederversammlung das alte Jahr res\u00fcmiert und einen neuen Vorstand gew\u00e4hlt. Dabei wurde der bisherige Kreisvorsitzende Mark Matthies (22) aus Flieden best\u00e4tigt. Der BWL-Student startet damit in seine dritte Amtszeit. Zum stell-vertretenden Kreisvorsitzenden w\u00e4hlte die Versammlung den 19-j\u00e4hrigen Sch\u00fcler Benedikt Happ aus Ebersburg. Komplettiert wird der Vorstand durch den Schatzmeister Andr\u00e9 Sturm, 24, aus Fulda sowie die Beisitzer Annabelle Bohn (19, Tann, Sch\u00fclerin), Moritz von Rhein (17, Fulda, Sch\u00fcler) und Christian Lippke (17, K\u00fcnzell, Sch\u00fcler). <!--more--><br \/>\nIn der sich anschlie\u00dfenden Aussprache zog Mark Matthies f\u00fcr das Jahr 2008\u00c2\u00a0 Bilanz: \u201eDurch zahlreiche Aktionen konnten wir die \u00f6ffentlichen Wahrneh-mung der JuLis Fulda deutlich st\u00e4rken. Die steigenden Mitgliederzahlen sprechen eine deutliche Sprache \u2013 die Politik der Freiheit ist bei den jungen Men-schen im Landkreis Fulda mehr und mehr angekommen.\u201c<br \/>\nIm Hinblick auf die anstehenden Landtagswahlen am 18. Januar 2009 machte der neue stellvertretende Kreisvorsitzende, Benedikt Happ, deutlich: \u201eWir sind kein einfaches Anh\u00e4ngsel der FDP \u2013 eigene Positionen und Forderungen ma-chen uns stark und erg\u00e4nzen die liberalen Inhalte der FDP. Dies habe sich vor allem beim Thema Studiengeb\u00fchren gezeigt. \u201eDie Jungen Liberalen konnten sich mit ihrer Forderung nach einem kostenlosen Erststudium gegen die Parteif\u00fchrung durchsetzen. Damit wird es in der n\u00e4chsten Legislaturperiode definitiv keine Studienbeitr\u00e4ge mehr geben\u201c, f\u00fcgt Matthies als Landesvorstandsmitglied der\u00c2\u00a0 JuLis Hessen hinzu.<\/p>\n<p>Unter dem Motto \u201eFDP powered by JuLis\u201c wollen die JuLis vor allem die bei-den Landtagskandidaten J\u00fcrgen Lenders (Wahlkreis 14) und Reiner Nowak (Wahlkreis 15) unterst\u00fctzen. \u201eWir wollen die Jugendlichen vor Ort f\u00fcr liberale Politik begeistern und daf\u00fcr k\u00e4mpfen, dass die Region wieder eine starke libe-rale Stimme im Hessischen Landtag bekommt\u201c, so Matthies.<\/p>\n<p>Die Gl\u00fcckw\u00fcnsche der Mutterpartei \u00fcberbrachte der Fuldaer FDP-Chef und fr\u00fchere Gr\u00fcndungsvorsitzende der Jungen Liberalen, J\u00fcrgen Lenders. \u201eDen Zuspruch, den die FDP vor allem bei den j\u00fcngeren Leuten erh\u00e4lt, ist Ausdruck erfolgreicher jungliberaler Arbeit vor Ort\u201c, lobte Lenders den Parteinachwuchs. Mit den JuLis sei die liberale Familie im Landkreis Fulda bestens aufgestellt.<\/p>\n","protected":false},"excerpt":{"rendered":"<div class=\"tmnf_excerpt\"><p>Fulda. Die Jungen Liberalen (JuLis) Fulda haben auf einer Kreismitgliederversammlung das alte Jahr res\u00fcmiert und einen neuen Vorstand gew\u00e4hlt. Dabei wurde der bisherige Kreisvorsitzende Mark Matthies (22) aus Flieden best\u00e4tigt. Der BWL-Student startet damit in seine dritte Amtszeit. Zum stell-vertretenden Kreisvorsitzenden w\u00e4hlte die Versammlung den 19-j\u00e4hrigen Sch\u00fcler Benedikt Happ aus Ebersburg. Komplettiert wird der Vorstand &hellip;<\/p>\n<\/div>","protected":false},"author":1,"featured_media":0,"comment_status":"closed","ping_status":"closed","sticky":false,"template":"","format":"standard","meta":{"footnotes":""},"categories":[1,29,78],"tags":[],"class_list":["post-18314","post","type-post","status-publish","format-standard","hentry","category-startseite","category-politik","category-topthema"],"_links":{"self":[{"href":"https:\/\/www.fuldaernachrichten.de\/index.php?rest_route=\/wp\/v2\/posts\/18314","targetHints":{"allow":["GET"]}}],"collection":[{"href":"https:\/\/www.fuldaernachrichten.de\/index.php?rest_route=\/wp\/v2\/posts"}],"about":[{"href":"https:\/\/www.fuldaernachrichten.de\/index.php?rest_route=\/wp\/v2\/types\/post"}],"author":[{"embeddable":true,"href":"https:\/\/www.fuldaernachrichten.de\/index.php?rest_route=\/wp\/v2\/users\/1"}],"replies":[{"embeddable":true,"href":"https:\/\/www.fuldaernachrichten.de\/index.php?rest_route=%2Fwp%2Fv2%2Fcomments&post=18314"}],"version-history":[{"count":5,"href":"https:\/\/www.fuldaernachrichten.de\/index.php?rest_route=\/wp\/v2\/posts\/18314\/revisions"}],"predecessor-version":[{"id":18320,"href":"https:\/\/www.fuldaernachrichten.de\/index.php?rest_route=\/wp\/v2\/posts\/18314\/revisions\/18320"}],"wp:attachment":[{"href":"https:\/\/www.fuldaernachrichten.de\/index.php?rest_route=%2Fwp%2Fv2%2Fmedia&parent=18314"}],"wp:term":[{"taxonomy":"category","embeddable":true,"href":"https:\/\/www.fuldaernachrichten.de\/index.php?rest_route=%2Fwp%2Fv2%2Fcategories&post=18314"},{"taxonomy":"post_tag","embeddable":true,"href":"https:\/\/www.fuldaernachrichten.de\/index.php?rest_route=%2Fwp%2Fv2%2Ftags&post=18314"}],"curies":[{"name":"wp","href":"https:\/\/api.w.org\/{rel}","templated":true}]}}