{"id":182742,"date":"2019-10-31T20:46:53","date_gmt":"2019-10-31T19:46:53","guid":{"rendered":"http:\/\/fuldaer-nachrichten.de\/?p=182742"},"modified":"2019-10-31T20:46:53","modified_gmt":"2019-10-31T19:46:53","slug":"nacht-der-ausbildung-am-klinikum-fulda","status":"publish","type":"post","link":"https:\/\/www.fuldaernachrichten.de\/?p=182742","title":{"rendered":"\u201eNacht der Ausbildung\u201c am Klinikum Fulda"},"content":{"rendered":"<p>Ausbildung mit Perspektive! Das Klinikum Fulda &#8211;  eines der gr\u00f6\u00dften Unternehmen und Ausbildungsbetriebe  der Region \u2013 und seine Tochterunternehmen pr\u00e4sentieren die verschiedenen Ausbildungsberufe bei der zweiten \u201eNacht der Ausbildung\u201c, am 07.11.2019, von 17.00 \u2013 21.00 Uhr in der Eingangshalle des Klinikums Fulda.<!--more--><\/p>\n<p>Unter dem Motto \u201eVon Azubis f\u00fcr Azubis\u201c werden bei der zweiten \u201eNacht der Ausbildung\u201c insgesamt 17 unterschiedliche Ausbildungsberufe vorgestellt. Zudem wird ein umfangreiches Programm mit vielen F\u00fchrungen und Mitmach-Aktionen angeboten: Erste Hilfe Aktionen, Reanimationstraining, Operieren am Modell,  Blutdruck- und Blutzuckermessung, Mikroskopieren, Blutgruppenbestimmung, Infant-Handling von S\u00e4uglingspuppen,  ein Rollstuhlparcours, Verband\u00fcbungen am Modell, Gipsen, R\u00f6ntgenpuzzle, Bilderr\u00e4tsel mit Zuordnung von R\u00f6ntgenbildern, und viele weitere spannende Aktionen. Neben den zahlreichen Mitmachaktionen k\u00f6nnen auch die verschiedenen Ausbildungsbereiche, wie der  R\u00f6ntgenbereich, ein Operationssaal, das Labor, die Klinikapotheke sowie gro\u00dftechnische Gro\u00dfanlagen besichtigt werden. Aber auch f\u00fcr das leibliche Wohl, zubereitet von Auszubildenden der K\u00fcche, ist gesorgt.<\/p>\n<p>Der Besuch der \u201eNacht der Ausbildung\u201c ist kostenfrei. Alle Interessierten sind herzlich eingeladen. Eine Anmeldung ist nicht erforderlich.<\/p>\n","protected":false},"excerpt":{"rendered":"<div class=\"tmnf_excerpt\"><p>Ausbildung mit Perspektive! Das Klinikum Fulda &#8211; eines der gr\u00f6\u00dften Unternehmen und Ausbildungsbetriebe der Region \u2013 und seine Tochterunternehmen pr\u00e4sentieren die verschiedenen Ausbildungsberufe bei der zweiten \u201eNacht der Ausbildung\u201c, am 07.11.2019, von 17.00 \u2013 21.00 Uhr in der Eingangshalle des Klinikums Fulda.<\/p>\n<\/div>","protected":false},"author":1,"featured_media":182743,"comment_status":"closed","ping_status":"closed","sticky":false,"template":"","format":"standard","meta":{"footnotes":""},"categories":[1],"tags":[],"class_list":["post-182742","post","type-post","status-publish","format-standard","has-post-thumbnail","hentry","category-startseite"],"_links":{"self":[{"href":"https:\/\/www.fuldaernachrichten.de\/index.php?rest_route=\/wp\/v2\/posts\/182742","targetHints":{"allow":["GET"]}}],"collection":[{"href":"https:\/\/www.fuldaernachrichten.de\/index.php?rest_route=\/wp\/v2\/posts"}],"about":[{"href":"https:\/\/www.fuldaernachrichten.de\/index.php?rest_route=\/wp\/v2\/types\/post"}],"author":[{"embeddable":true,"href":"https:\/\/www.fuldaernachrichten.de\/index.php?rest_route=\/wp\/v2\/users\/1"}],"replies":[{"embeddable":true,"href":"https:\/\/www.fuldaernachrichten.de\/index.php?rest_route=%2Fwp%2Fv2%2Fcomments&post=182742"}],"version-history":[{"count":1,"href":"https:\/\/www.fuldaernachrichten.de\/index.php?rest_route=\/wp\/v2\/posts\/182742\/revisions"}],"predecessor-version":[{"id":182744,"href":"https:\/\/www.fuldaernachrichten.de\/index.php?rest_route=\/wp\/v2\/posts\/182742\/revisions\/182744"}],"wp:featuredmedia":[{"embeddable":true,"href":"https:\/\/www.fuldaernachrichten.de\/index.php?rest_route=\/wp\/v2\/media\/182743"}],"wp:attachment":[{"href":"https:\/\/www.fuldaernachrichten.de\/index.php?rest_route=%2Fwp%2Fv2%2Fmedia&parent=182742"}],"wp:term":[{"taxonomy":"category","embeddable":true,"href":"https:\/\/www.fuldaernachrichten.de\/index.php?rest_route=%2Fwp%2Fv2%2Fcategories&post=182742"},{"taxonomy":"post_tag","embeddable":true,"href":"https:\/\/www.fuldaernachrichten.de\/index.php?rest_route=%2Fwp%2Fv2%2Ftags&post=182742"}],"curies":[{"name":"wp","href":"https:\/\/api.w.org\/{rel}","templated":true}]}}