{"id":182739,"date":"2019-10-31T20:44:09","date_gmt":"2019-10-31T19:44:09","guid":{"rendered":"http:\/\/fuldaer-nachrichten.de\/?p=182739"},"modified":"2019-10-31T20:44:09","modified_gmt":"2019-10-31T19:44:09","slug":"bischof-em-algermissen-beim-tag-der-weihejubilare-im-erzbistum-paderborn","status":"publish","type":"post","link":"https:\/\/www.fuldaernachrichten.de\/?p=182739","title":{"rendered":"Bischof em. Algermissen beim \u201eTag der Weihejubilare\u201c im Erzbistum Paderborn"},"content":{"rendered":"<p>Am \u201eTag der Weihejubilare\u201c im Erzbistum Paderborn feierte Erzbischof Hans-Josef Becker gemeinsam mit 29 Priestern des Erzbistums eine Dankmesse im Hohen Dom. Die 29 Geistlichen haben vor 65, 60, 55 oder 50 Jahren das Sakrament der Priesterweihe empfangen. Erzbischof Hans-Josef Becker dankte den Jubilaren f\u00fcr ihren jahrzehntelangen priesterlichen Dienst. Zugleich bat der Paderborner Oberhirte seine Mitbr\u00fcder, den \u201eZukunftsweg unseres Erzbistums mit all seinen Herausforderungen und Unw\u00e4gbarkeiten mit Wohlwollen zu begleiten.\u201c Unter den Weihejubilaren war auch Bischof Heinz Josef Algermissen: Der emeritierte Bischof des Bistums Fulda und ehemalige Weihbischof in Paderborn wurde 1969 in Paderborn zum Priester geweiht. <\/p>\n<p>Wie bei Zugv\u00f6geln im Herbst ziehe eine geheimnisvolle Kraft den Menschen aus dem Allt\u00e4glichen und Banalen heraus, ein Wissen darum, dass es eigentlich \u201emehr als alles\u201c geben m\u00fcsse, sagte Erzbischof Hans-Josef Becker in seiner Predigt zu den Weihejubilaren: \u201eDiese gro\u00dfe Sehnsucht haben Sie Ihr Leben lang versp\u00fcrt, sie war und ist in Ihnen. Deshalb sind Sie vor Jahren angetreten, deshalb sind wir heute gemeinsam hier und feiern Eucharistie.\u201c Die \u201eKraft Jesu\u201c entfache diese Sehnsucht und stehe f\u00fcr ein gro\u00dfes Versprechen: \u201eDas Beste liegt immer noch vor uns. Wir brauchen auch im Alter nicht bitter werden, und wir m\u00fcssen nicht den verpassten Chancen nachtrauern\u201c, stellte der Paderborner Erzbischof fest.<\/p>\n<p><strong>Best\u00e4ndiger Wandel mit Christus als Fundament<\/strong><br \/>\nWandel sei auch in der Kirche nichts Neues, auch wenn viele Menschen der Kirche Unbeweglichkeit vorwerfen w\u00fcrden, erl\u00e4uterte Erzbischof Becker: \u201eDer Wandel war von Anfang an da, seit der Zeit der Apostel. Was aber bleibt und was bleiben muss, ist das Fundament: Jesus Christus.\u201c Es sei wichtig, von Gott immer gro\u00df zu denken. \u201eDas hei\u00dft, dass wir darauf vertrauen, dass er unser ganzes Denken und Sehnen immer wieder sprengt. Und dass sein Reich unter uns trotz allem w\u00e4chst\u201c, schloss Erzbischof Hans-Josef Becker seine Predigt. <\/p>\n<p><strong>Gedenken an Verstorbene<\/strong><br \/>\nWeihbischof Hubert Berenbrinker, Bischofsvikar f\u00fcr die Begleitung der Ruhestandsgeistlichen, hatte die Priester der Weihejahrg\u00e4nge 1954, 1959, 1964 und 1969 zum Tag der Weihejubilare eingeladen. Erzbischof Becker zelebrierte die Heilige Messe, Weihbischof Hubert Berenbrinker sowie einige der Weihejubilare konzelebrierten. In seiner Begr\u00fc\u00dfung erinnerte Weihbischof Berenbrinker auch an die mittlerweile verstorbenen Mitglieder der jeweiligen Weihejahrg\u00e4nge: \u201eUnsere Gedanken und Gebete sind heute auch bei denen, die ihren irdischen Lebensweg abgeschlossen haben. Aus dem Weihejahrgang 1954 sind mittlerweile 52 Priester verstorben, aus dem Weihejahrgang 1959 sind es 35 Mitbr\u00fcder, aus dem Weihejahrgang 1964 verstarben bereits 12 Priester und aus dem Weihejahrgang 1969 sind 4 Mitbr\u00fcder verstorben.\u201c <\/p>\n<p><strong>Begegnung und Gespr\u00e4ch<\/strong><br \/>\nIm Anschluss an den Gottesdienst nutzten die Weihejubilare den weiteren Vormittag zur Begegnung mit Erzbischof Hans-Josef Becker und zum gegenseitigen Austausch. Daf\u00fcr trafen sie sich im Erzbisch\u00f6flichen Priesterseminar Paderborn. Der von Weihbischof Berenbrinker als Bischofsvikar des Erzbistums Paderborn f\u00fcr die Begleitung der Ruhestandsgeistlichen verantwortete \u201eTag der Weihejubilare\u201c fand mittlerweile zum achten Mal statt. <\/p>\n<p><strong>Prop\u00e4deutiker des Priesterseminars<\/strong><br \/>\nAm Beginn des Gottesdienstes begr\u00fc\u00dfte Weihbischof Berenbrinker zudem vier Prop\u00e4deutiker des Erzbisch\u00f6flichen Priesterseminars Paderborn, die den Ministrantendienst im Gottesdienst \u00fcbernahmen. Es k\u00f6nne f\u00fcr die neuen Theologiestudenten und Priesteramtskandidaten des Erzbistums Paderborn ermutigend sein, die zahlreichen Weihejubilare zu sehen, sie hinter sich zu wissen und von ihnen \u201eden R\u00fccken gest\u00e4rkt\u201c zu bekommen, sagte Erzbischof Hans-Josef Becker beim traditionellen Foto mit den Weihejubilaren, als sich die vier f\u00fcr ein eigenes Foto um den Paderborner Erzbischof scharten. Der Gottesdienst wurde musikalisch gestaltet von Kirchenmusiker Marcel Eliasch an der Orgel des Paderborner Domes.<\/p>\n","protected":false},"excerpt":{"rendered":"<div class=\"tmnf_excerpt\"><p>Am \u201eTag der Weihejubilare\u201c im Erzbistum Paderborn feierte Erzbischof Hans-Josef Becker gemeinsam mit 29 Priestern des Erzbistums eine Dankmesse im Hohen Dom. Die 29 Geistlichen haben vor 65, 60, 55 oder 50 Jahren das Sakrament der Priesterweihe empfangen. Erzbischof Hans-Josef Becker dankte den Jubilaren f\u00fcr ihren jahrzehntelangen priesterlichen Dienst. Zugleich bat der Paderborner Oberhirte seine &hellip;<\/p>\n<\/div>","protected":false},"author":1,"featured_media":182740,"comment_status":"closed","ping_status":"closed","sticky":false,"template":"","format":"standard","meta":{"footnotes":""},"categories":[1],"tags":[],"class_list":["post-182739","post","type-post","status-publish","format-standard","has-post-thumbnail","hentry","category-startseite"],"_links":{"self":[{"href":"https:\/\/www.fuldaernachrichten.de\/index.php?rest_route=\/wp\/v2\/posts\/182739","targetHints":{"allow":["GET"]}}],"collection":[{"href":"https:\/\/www.fuldaernachrichten.de\/index.php?rest_route=\/wp\/v2\/posts"}],"about":[{"href":"https:\/\/www.fuldaernachrichten.de\/index.php?rest_route=\/wp\/v2\/types\/post"}],"author":[{"embeddable":true,"href":"https:\/\/www.fuldaernachrichten.de\/index.php?rest_route=\/wp\/v2\/users\/1"}],"replies":[{"embeddable":true,"href":"https:\/\/www.fuldaernachrichten.de\/index.php?rest_route=%2Fwp%2Fv2%2Fcomments&post=182739"}],"version-history":[{"count":1,"href":"https:\/\/www.fuldaernachrichten.de\/index.php?rest_route=\/wp\/v2\/posts\/182739\/revisions"}],"predecessor-version":[{"id":182741,"href":"https:\/\/www.fuldaernachrichten.de\/index.php?rest_route=\/wp\/v2\/posts\/182739\/revisions\/182741"}],"wp:featuredmedia":[{"embeddable":true,"href":"https:\/\/www.fuldaernachrichten.de\/index.php?rest_route=\/wp\/v2\/media\/182740"}],"wp:attachment":[{"href":"https:\/\/www.fuldaernachrichten.de\/index.php?rest_route=%2Fwp%2Fv2%2Fmedia&parent=182739"}],"wp:term":[{"taxonomy":"category","embeddable":true,"href":"https:\/\/www.fuldaernachrichten.de\/index.php?rest_route=%2Fwp%2Fv2%2Fcategories&post=182739"},{"taxonomy":"post_tag","embeddable":true,"href":"https:\/\/www.fuldaernachrichten.de\/index.php?rest_route=%2Fwp%2Fv2%2Ftags&post=182739"}],"curies":[{"name":"wp","href":"https:\/\/api.w.org\/{rel}","templated":true}]}}