{"id":182737,"date":"2019-10-31T12:40:29","date_gmt":"2019-10-31T11:40:29","guid":{"rendered":"http:\/\/fuldaer-nachrichten.de\/?p=182737"},"modified":"2019-10-31T20:41:58","modified_gmt":"2019-10-31T19:41:58","slug":"streik-der-busfahrer-am-freitag-erwartet","status":"publish","type":"post","link":"https:\/\/www.fuldaernachrichten.de\/?p=182737","title":{"rendered":"Streik der Busfahrer am Freitag erwartet"},"content":{"rendered":"<p>Die Gewerkschaft Verdi hat f\u00fcr Freitag (1. November 2019) erneut Streiks der Busfahrer in Hessen angek\u00fcndigt. Der genaue Umfang ist zwar noch nicht absehbar, betroffen sein k\u00f6nnen aber auch der Busverkehr in der Stadtregion Fulda und dar\u00fcber hinaus. Die Rh\u00f6nEnergie Fulda, deren Verkehrsbetriebe in der Region den \u00f6ffentlichen Personennahverkehr betreiben, bittet alle Fahrg\u00e4ste, sich bereits im Schul- und Berufsverkehr auf sp\u00fcrbare Einschr\u00e4nkungen des Busverkehrs einzustellen. <!--more--><\/p>\n<p>Hintergrund des Streikaufrufs sind Tarifverhandlungen der Gewerkschaft ver.di mit dem Landesverband Hessischer Omnibusunternehmer (LHO). In welchem Umfang die Arbeitskampfma\u00dfnahmen am Freitag den Busverkehr in und um Fulda beeintr\u00e4chtigen werden, und ob dies auch in den Folgetagen der Fall sein wird, ist zurzeit noch nicht abzusehen. Es h\u00e4ngt davon ab, wie viele der zum Streik aufgerufenen Busfahrer sich tats\u00e4chlich an der Aktion beteiligen.<br \/>\nDie Verkehrsbetriebe der Rh\u00f6nEnergie Fulda besch\u00e4ftigen mehr als 300 Busfahrer, die mit rund 200 modernen Bussen zahlreiche Linien in der Stadtregion, im gesamten Landkreis Fulda sowie in Teilen von Hersfeld-Rotenburg und im Main-Kinzig-Kreis bedienen. In all diesen Gebieten kann es zu Einschr\u00e4nkungen im Busverkehr kommen.<br \/>\nM\u00f6glicherweise fallen an den Streiktagen ganze Linien aus. Das Unternehmen wird tagesaktuelle Informationen auf der Internetseite <a href=\"http:\/\/www.re-fd.de\/nahverkehr\" target=\"_blank\" rel=\"noopener noreferrer\">www.re-fd.de\/nahverkehr<\/a> ver\u00f6ffentlichen. Telefonische Ausk\u00fcnfte gibt es unter der Service-Nummer 0661 \/ 12-375.<\/p>\n","protected":false},"excerpt":{"rendered":"<div class=\"tmnf_excerpt\"><p>Die Gewerkschaft Verdi hat f\u00fcr Freitag (1. November 2019) erneut Streiks der Busfahrer in Hessen angek\u00fcndigt. Der genaue Umfang ist zwar noch nicht absehbar, betroffen sein k\u00f6nnen aber auch der Busverkehr in der Stadtregion Fulda und dar\u00fcber hinaus. Die Rh\u00f6nEnergie Fulda, deren Verkehrsbetriebe in der Region den \u00f6ffentlichen Personennahverkehr betreiben, bittet alle Fahrg\u00e4ste, sich bereits &hellip;<\/p>\n<\/div>","protected":false},"author":1,"featured_media":0,"comment_status":"closed","ping_status":"closed","sticky":false,"template":"","format":"standard","meta":{"footnotes":""},"categories":[1],"tags":[],"class_list":["post-182737","post","type-post","status-publish","format-standard","hentry","category-startseite"],"_links":{"self":[{"href":"https:\/\/www.fuldaernachrichten.de\/index.php?rest_route=\/wp\/v2\/posts\/182737","targetHints":{"allow":["GET"]}}],"collection":[{"href":"https:\/\/www.fuldaernachrichten.de\/index.php?rest_route=\/wp\/v2\/posts"}],"about":[{"href":"https:\/\/www.fuldaernachrichten.de\/index.php?rest_route=\/wp\/v2\/types\/post"}],"author":[{"embeddable":true,"href":"https:\/\/www.fuldaernachrichten.de\/index.php?rest_route=\/wp\/v2\/users\/1"}],"replies":[{"embeddable":true,"href":"https:\/\/www.fuldaernachrichten.de\/index.php?rest_route=%2Fwp%2Fv2%2Fcomments&post=182737"}],"version-history":[{"count":1,"href":"https:\/\/www.fuldaernachrichten.de\/index.php?rest_route=\/wp\/v2\/posts\/182737\/revisions"}],"predecessor-version":[{"id":182738,"href":"https:\/\/www.fuldaernachrichten.de\/index.php?rest_route=\/wp\/v2\/posts\/182737\/revisions\/182738"}],"wp:attachment":[{"href":"https:\/\/www.fuldaernachrichten.de\/index.php?rest_route=%2Fwp%2Fv2%2Fmedia&parent=182737"}],"wp:term":[{"taxonomy":"category","embeddable":true,"href":"https:\/\/www.fuldaernachrichten.de\/index.php?rest_route=%2Fwp%2Fv2%2Fcategories&post=182737"},{"taxonomy":"post_tag","embeddable":true,"href":"https:\/\/www.fuldaernachrichten.de\/index.php?rest_route=%2Fwp%2Fv2%2Ftags&post=182737"}],"curies":[{"name":"wp","href":"https:\/\/api.w.org\/{rel}","templated":true}]}}