{"id":182729,"date":"2019-10-31T20:35:30","date_gmt":"2019-10-31T19:35:30","guid":{"rendered":"http:\/\/fuldaer-nachrichten.de\/?p=182729"},"modified":"2019-10-31T20:35:30","modified_gmt":"2019-10-31T19:35:30","slug":"weltspartag-protest-vor-sparkasse-in-fulda-gegen-finanzierung-von-kohle-und-ruestung","status":"publish","type":"post","link":"https:\/\/www.fuldaernachrichten.de\/?p=182729","title":{"rendered":"Weltspartag: Protest vor Sparkasse in Fulda gegen Finanzierung von Kohle und R\u00fcstung"},"content":{"rendered":"<p>Zum Anlass des Weltspartags fand am Mittwoch eine Protestaktion in der Sparkassenfiliale Rabanusstra\u00dfe statt. Beteiligt waren neben Privatpersonen auch Aktivist*innen der lokalen Ortsgruppen von Fridays for Future und Extinction Rebellion. Die Aktion folgt einem Aufruf der Organisation urgewald und ist Teil von deutschlandweiten Protesten in insgesamt 32 St\u00e4dten unter dem Motto: \u201eSparkassen-Gruppe: Raus aus Kohle und R\u00fcstung!\u201c <\/p>\n<p>Die Aktivist*innen klagten unter anderem an: \u201eDen eindringlichen Warnungen der Wissenschaft zum Trotz stecken Finanzinstitute wie die Sparkassen-Gruppe weiterhin Geld in die Kohle, der CO2-intensivesten Energiequelle des Planeten und damit einem Hauptverursacher der Klimakrise.<\/p>\n<p>urgewald-Recherchen zeigen, dass die Sparkassen-Gruppe R\u00fcstungsfirmen unterst\u00fctzt, die kriegf\u00fchrende Staaten beliefern oder besonders kontroverse Waffensysteme herstellen \u2013 zum Beispiel Rheinmetall, BAE Systems oder Northrop Grumman. Sie unterst\u00fctzt auch Kohlekonzerne, die die Klimakrise massiv versch\u00e4rfen \u2013 zum Beispiel RWE, BHP Billiton oder Glencore. Vereinzelt beteiligen sich Sparkassen direkt an Kreditvergaben. Die Sparkassen-Fondsgesellschaft Deka Investment, deren Produkte die Sparkassen verkaufen, bietet Fonds an, die in solche Firmen investieren. Die Landesbanken als Zentralinstitute der Sparkassen sind durch Kredite und Investitionen beteiligt.<\/p>\n<p>Sparkassen m\u00fcssen ihre Gemeinwohlorientierung ernst nehmen und:<br \/>\n\u00e2\u20ac\u00a2\tKohle-\/R\u00fcstungsfirmen von Krediten und Eigenanlagen ausschlie\u00dfen<br \/>\n\u00e2\u20ac\u00a2\teinen Kohle-und R\u00fcstungsausschluss von Deka Investments fordern<br \/>\n\u00e2\u20ac\u00a2\teinen Kohle-und R\u00fcstungsausschluss der Landesbanken fordern <\/p>\n<p>Nach der Aktion lud ein Sparkassenmitarbeiter zu einem Gespr\u00e4ch \u00fcber die Thematik ein. Dies nahmen die Aktivist*innen dankend an. So bleibt die Thematik in was die Sparkassen-Gruppe Investieren sollte weit \u00fcber den Weltspartag im Diskurs.<\/p>\n","protected":false},"excerpt":{"rendered":"<div class=\"tmnf_excerpt\"><p>Zum Anlass des Weltspartags fand am Mittwoch eine Protestaktion in der Sparkassenfiliale Rabanusstra\u00dfe statt. Beteiligt waren neben Privatpersonen auch Aktivist*innen der lokalen Ortsgruppen von Fridays for Future und Extinction Rebellion. Die Aktion folgt einem Aufruf der Organisation urgewald und ist Teil von deutschlandweiten Protesten in insgesamt 32 St\u00e4dten unter dem Motto: \u201eSparkassen-Gruppe: Raus aus Kohle &hellip;<\/p>\n<\/div>","protected":false},"author":1,"featured_media":0,"comment_status":"closed","ping_status":"closed","sticky":false,"template":"","format":"standard","meta":{"footnotes":""},"categories":[1],"tags":[],"class_list":["post-182729","post","type-post","status-publish","format-standard","hentry","category-startseite"],"_links":{"self":[{"href":"https:\/\/www.fuldaernachrichten.de\/index.php?rest_route=\/wp\/v2\/posts\/182729","targetHints":{"allow":["GET"]}}],"collection":[{"href":"https:\/\/www.fuldaernachrichten.de\/index.php?rest_route=\/wp\/v2\/posts"}],"about":[{"href":"https:\/\/www.fuldaernachrichten.de\/index.php?rest_route=\/wp\/v2\/types\/post"}],"author":[{"embeddable":true,"href":"https:\/\/www.fuldaernachrichten.de\/index.php?rest_route=\/wp\/v2\/users\/1"}],"replies":[{"embeddable":true,"href":"https:\/\/www.fuldaernachrichten.de\/index.php?rest_route=%2Fwp%2Fv2%2Fcomments&post=182729"}],"version-history":[{"count":1,"href":"https:\/\/www.fuldaernachrichten.de\/index.php?rest_route=\/wp\/v2\/posts\/182729\/revisions"}],"predecessor-version":[{"id":182730,"href":"https:\/\/www.fuldaernachrichten.de\/index.php?rest_route=\/wp\/v2\/posts\/182729\/revisions\/182730"}],"wp:attachment":[{"href":"https:\/\/www.fuldaernachrichten.de\/index.php?rest_route=%2Fwp%2Fv2%2Fmedia&parent=182729"}],"wp:term":[{"taxonomy":"category","embeddable":true,"href":"https:\/\/www.fuldaernachrichten.de\/index.php?rest_route=%2Fwp%2Fv2%2Fcategories&post=182729"},{"taxonomy":"post_tag","embeddable":true,"href":"https:\/\/www.fuldaernachrichten.de\/index.php?rest_route=%2Fwp%2Fv2%2Ftags&post=182729"}],"curies":[{"name":"wp","href":"https:\/\/api.w.org\/{rel}","templated":true}]}}