{"id":182709,"date":"2019-10-31T09:38:08","date_gmt":"2019-10-31T08:38:08","guid":{"rendered":"http:\/\/fuldaer-nachrichten.de\/?p=182709"},"modified":"2019-10-31T09:38:08","modified_gmt":"2019-10-31T08:38:08","slug":"wenn-die-knochen-bruechig-werden-dr-juergen-ludwig-informierte-im-krankenhaus-eichhof-ueber-osteoporose","status":"publish","type":"post","link":"https:\/\/www.fuldaernachrichten.de\/?p=182709","title":{"rendered":"Wenn die Knochen br\u00fcchig werden &#8211; Dr. J\u00fcrgen Ludwig informierte im Krankenhaus Eichhof \u00fcber Osteoporose"},"content":{"rendered":"<p>Unter dem Titel \u201eOsteoporose &#8211; nicht erkannt, droht die Katastrophe?\u201c widmete sich Dr. J\u00fcrgen Ludwig vom Orthop\u00e4dischen Zentrum am Krankenhaus Eichhof einem der wichtigsten Krankheitsbilder in Deutschland. Millionen Menschen, insbesondere \u00e4ltere Frauen, leiden unter dem Abbau von Knochensubstanz.<!--more--><\/p>\n<p>Betroffenen drohen Knochenbr\u00fcche, zunehmende Immobilit\u00e4t, Bettl\u00e4gerigkeit und Folgeerkrankungen. \u201eOsteoporose ist eine systemische Skeletterkrankung. Charakteristisch daf\u00fcr ist eine niedrige Knochenmasse und eine mikroarchitektonische Verschlechterung des Knochengewebes\u201c, erkl\u00e4rte der Facharzt f\u00fcr Chirurgie, Unfallchirurgie und Orthop\u00e4die den zahlreich erschienenen Zuh\u00f6rern bei Treffpunkt Gesundheit, der monatlichen Vortragsreihe am Krankenhaus Eichhof.<\/p>\n<p>Betroffen seien 30 Prozent aller Frauen und 15 Prozent aller M\u00e4nner \u00fcber sechzig Jahre, informierte der renommierte Facharzt mit eigener Praxis am Lauterbacher Krankenhaus. In seinem Vortrag ging Dr. Ludwig auf die Ursachen f\u00fcr die Erm\u00fcdung der Knochensubstanz im menschlichen K\u00f6rper ein. So seien h\u00e4ufig Frauen nach den Wechseljahren betroffen, bei M\u00e4nnern sei ein nachlassender Testosteronspiegel eine m\u00f6gliche Ursache.<\/p>\n<p>Mit Unterst\u00fctzung von Bildern und Grafiken verdeutlichte der Referent, welche Auswirkungen Osteoporose beispielsweise auf die Wirbels\u00e4ule und den damit verbundenen Gr\u00f6\u00dfenverlust beim Menschen hat. Mit gro\u00dfem Interesse verfolgten die Zuh\u00f6rer auch die Ausf\u00fchrungen des Facharztes, dass sich die Knochen und auf diese Weise das gesamte Skelett im Laufe des Lebens mehrfach erneuert.<\/p>\n<p>\u201eNahezu 95 Prozent aller Osteoporose-Diagnosen sind postmenopausal und altersbedingt begr\u00fcndet. Neben anderen Faktoren k\u00f6nnen jedoch auch eine famili\u00e4re Veranlagung, b\u00f6sartige Erkrankungen oder eine Schilddr\u00fcsen\u00fcberfunktion dazu beitragen, dass die Knochendichte sich dramatisch verringert\u201c, machte Dr. Ludwig dem Auditorium klar und gab einen \u00dcberblick \u00fcber die verschiedenen Ursachen.<\/p>\n<p>Welche M\u00f6glichkeiten der Diagnostik es gibt, welche Rolle die Lebensumst\u00e4nde Betroffener spielen und welche Bedeutung ein dauerhaft zu niedriger Vitamin-D-Spiegel hat, all das kam im Vortrag zur Sprache. Dr. Ludwig verglich den Vitamin-D-Mangel beim Menschen mit einem zu niedrigen \u00d6lstand beim Auto und verdeutlichte so die Auswirkungen.<\/p>\n<p>\u201eEin Facharzt hat verschiedene Optionen das Krankheitsbild zu bestimmen, dazu geh\u00f6ren unter anderem die Knochendichtemessung, Laboruntersuchungen, die Dual-R\u00f6ntgen-Absorptiometrie und die quantitative Computertomographie\u201c, informierte der erfahrene Mediziner und verwies darauf, dass auch die Betrachtung der Lebensumst\u00e4nde eines Patienten und Ma\u00dfnahmen zur Vorbeugung zur ganzheitlichen Diagnostik eines kompetenten Arztes geh\u00f6ren.<\/p>\n<p>\u201eDie Behandlung eines Erkrankten basiert auf vier S\u00e4ulen. Dazu geh\u00f6ren k\u00f6rperliche Aktivit\u00e4ten, die Ern\u00e4hrung, die medikament\u00f6se Behandlung und die MBST, auch Kernspin-Resonanz-Therapie genannt\u201c, sagte Dr. Ludwig. Ausf\u00fchrlich und detailliert erl\u00e4uterte er die \u00c2\u00a0einzelnen Bereiche, deren Hintergrund und Bedeutung.<\/p>\n<p>Zum Abschluss seines Vortrages widmete sich der erfahrene Orthop\u00e4de und Chirurg den therapeutischen M\u00f6glichkeiten im Fall eines diagnostizierten Wirbelk\u00f6rperbruchs und der dazu angezeigten Schmerztherapie. Wann eine Operation infrage kommt und welche Ausschlusskriterien es gibt, dar\u00fcber gab der Referent ausf\u00fchrlich Auskunft und endete mit dem Fazit, dass Osteoporose eindeutig als Volkskrankheit zu sehen ist.<\/p>\n","protected":false},"excerpt":{"rendered":"<div class=\"tmnf_excerpt\"><p>Unter dem Titel \u201eOsteoporose &#8211; nicht erkannt, droht die Katastrophe?\u201c widmete sich Dr. J\u00fcrgen Ludwig vom Orthop\u00e4dischen Zentrum am Krankenhaus Eichhof einem der wichtigsten Krankheitsbilder in Deutschland. Millionen Menschen, insbesondere \u00e4ltere Frauen, leiden unter dem Abbau von Knochensubstanz.<\/p>\n<\/div>","protected":false},"author":1,"featured_media":182710,"comment_status":"closed","ping_status":"closed","sticky":false,"template":"","format":"standard","meta":{"footnotes":""},"categories":[1],"tags":[],"class_list":["post-182709","post","type-post","status-publish","format-standard","has-post-thumbnail","hentry","category-startseite"],"_links":{"self":[{"href":"https:\/\/www.fuldaernachrichten.de\/index.php?rest_route=\/wp\/v2\/posts\/182709","targetHints":{"allow":["GET"]}}],"collection":[{"href":"https:\/\/www.fuldaernachrichten.de\/index.php?rest_route=\/wp\/v2\/posts"}],"about":[{"href":"https:\/\/www.fuldaernachrichten.de\/index.php?rest_route=\/wp\/v2\/types\/post"}],"author":[{"embeddable":true,"href":"https:\/\/www.fuldaernachrichten.de\/index.php?rest_route=\/wp\/v2\/users\/1"}],"replies":[{"embeddable":true,"href":"https:\/\/www.fuldaernachrichten.de\/index.php?rest_route=%2Fwp%2Fv2%2Fcomments&post=182709"}],"version-history":[{"count":1,"href":"https:\/\/www.fuldaernachrichten.de\/index.php?rest_route=\/wp\/v2\/posts\/182709\/revisions"}],"predecessor-version":[{"id":182711,"href":"https:\/\/www.fuldaernachrichten.de\/index.php?rest_route=\/wp\/v2\/posts\/182709\/revisions\/182711"}],"wp:featuredmedia":[{"embeddable":true,"href":"https:\/\/www.fuldaernachrichten.de\/index.php?rest_route=\/wp\/v2\/media\/182710"}],"wp:attachment":[{"href":"https:\/\/www.fuldaernachrichten.de\/index.php?rest_route=%2Fwp%2Fv2%2Fmedia&parent=182709"}],"wp:term":[{"taxonomy":"category","embeddable":true,"href":"https:\/\/www.fuldaernachrichten.de\/index.php?rest_route=%2Fwp%2Fv2%2Fcategories&post=182709"},{"taxonomy":"post_tag","embeddable":true,"href":"https:\/\/www.fuldaernachrichten.de\/index.php?rest_route=%2Fwp%2Fv2%2Ftags&post=182709"}],"curies":[{"name":"wp","href":"https:\/\/api.w.org\/{rel}","templated":true}]}}