{"id":182699,"date":"2019-10-30T21:33:47","date_gmt":"2019-10-30T20:33:47","guid":{"rendered":"http:\/\/fuldaer-nachrichten.de\/?p=182699"},"modified":"2019-10-30T21:34:16","modified_gmt":"2019-10-30T20:34:16","slug":"neue-zentrale-der-rhoenenergie-fulda-gruppe-eingeweiht","status":"publish","type":"post","link":"https:\/\/www.fuldaernachrichten.de\/?p=182699","title":{"rendered":"Neue Zentrale der Rh\u00f6nEnergie Fulda-Gruppe eingeweiht"},"content":{"rendered":"<p>Es ist vollbracht: Nur anderthalb Jahre nach der Grundsteinlegung im April 2018 ist das neue Verwaltungsgeb\u00e4ude der Rh\u00f6nEnergie Fulda-Gruppe am L\u00f6hertor bezugsfertig und wurde vom Bauherrn an den Energieversorger \u00fcbergeben. In einem Festakt w\u00fcrdigten die Projektpartner sowie prominente Vertreter der Gebietsk\u00f6rperschaften das Gro\u00dfprojekt als st\u00e4dtebaulichen Meilenstein.<!--more--><\/p>\n<p>Die Einweihung der neuen Zentrale sei eine Z\u00e4sur in der langen Unternehmensgeschichte und gleichsam der bauliche Abschluss der 2013 vollzogenen Fusion, unterstreicht Martin Heun, Sprecher der Gesch\u00e4ftsf\u00fchrung der Rh\u00f6nEnergie Fulda. \u201eWir freuen uns sehr auf unsere neue Zentrale. Hier werden Mitarbeiter aus allen Bereichen der Gruppe unter einem Dach zusammen sein. Die kurzen Wege erleichtern die internen Abl\u00e4ufe und das ist nat\u00fcrlich auch von Vorteil f\u00fcr unsere Kunden.\u201c<\/p>\n<p>Die Rh\u00f6nEnergie Fulda hat das Geb\u00e4ude gemietet und gibt daf\u00fcr ihre inzwischen ver\u00e4u\u00dferten Liegenschaften in der Bahnhofstra\u00dfe, der Heinrichstra\u00dfe und der Rabanusstra\u00dfe auf.<\/p>\n<p><strong>Erster Schritt zur Neugestaltung des L\u00f6hertor-Quartiers<\/strong><br \/>\nErfreut \u00fcber den erfolgreichen Abschluss der exponierten Bauma\u00dfname \u00e4u\u00dfert sich auch Eva-Maria Greve von der Dr. Helmut Greve Bau- und Boden-Aktiengesellschaft (Hamburg). Deren Tochterfirma, die Dr. Helmut Greve Gesellschaft f\u00fcr Gesch\u00e4fts- und Freizeitzentrum Fulda mbH &amp; Co. KG, ist Bauherr. \u201eDas Verwaltungsgeb\u00e4ude der Rh\u00f6nEnergie Fulda ist der erste Schritt der von uns geplanten umfassenden Neuentwicklung des L\u00f6hertor-Quartiers. In enger Abstimmung mit der Stadt Fulda werden wir an diesem verkehrsg\u00fcnstigen Standort eine Bebauung realisieren, die einen st\u00e4dtebaulichen Akzent setzt.\u201c<\/p>\n<p><strong>Vorbildliches Energiekonzept<\/strong><br \/>\nAuch wenn die Rh\u00f6nEnergie Fulda-Gruppe nur Mieter des Geb\u00e4udes ist, strebte das Unternehmen von Anfang an ein zukunftsgerechtes nachhaltiges Energiekonzept an \u2013 nicht nur f\u00fcr das selbst genutzte Geb\u00e4ude, sondern f\u00fcr das gesamte L\u00f6hertor-Quartier. \u201eWir geh\u00f6ren zu den gr\u00f6\u00dften Energieversorgern Hessens und machen uns seit Jahren intensiv f\u00fcr Energieeffizienz und Nachhaltigkeit stark\u201c, sagt Martin Heun. \u201eDa war es f\u00fcr uns selbstverst\u00e4ndlich, alle Register zu ziehen, um eine ganzheitliche L\u00f6sung zu realisieren, die auch in zehn Jahren noch als vorbildlich gilt. Mit der Greve-Gruppe und dem Generalunternehmer hatten wir hier sehr aufgeschlossene Partner, so dass wir mit viel Energie an einem Strang ziehen konnten.\u201c<\/p>\n<p><strong>Zukunftsweisend nachhaltig<\/strong><br \/>\nDie intensive Arbeit der Experten der Gruppe an einem Quartierskonzept habe sich gelohnt, berichtet Martin Heun: \u201eEin intelligenter Mix verschiedener Komponenten bewirkt, dass wir den einmalig guten Prim\u00e4renergiefaktor 0,0 erzielen k\u00f6nnen.\u201c Das bedeutet, dass ein wesentlicher Teil der ben\u00f6tigten Energie im Quartier selbst klimaneutral erzeugt wird. Und alles, was das Geb\u00e4ude im Laufe des Jahres an W\u00e4rme braucht, wird mit einer ausgeglichenen CO2-Bilanz bereitgestellt. Schl\u00fcssel zum Erfolg ist die clevere Verzahnung von Energieeffizienz und Erneuerbaren Energien.<\/p>\n<p>Basis ist eine hocheffiziente Anlage der Kraft-W\u00e4rme-Kopplung mit Brennwertnutzung, befeuert mit Bio-Erdgas, welches das Unternehmen in der Biothan-Anlage in Kleinl\u00fcder aus organischen Reststoffen selbst produziert. In einem der n\u00e4chsten Bauabschnitte wird dann mit einer W\u00e4rmepumpe ein Hauptabwasserkanal der Fuldaer Innenstadt als W\u00e4rmequelle genutzt. Damit l\u00e4sst sich ein gro\u00dfer Teil des W\u00e4rmebedarfs des gesamten Quartiers abdecken.<\/p>\n<p>Der Strom f\u00fcr die Klimatisierung, vor allem die K\u00e4lteerzeugung, stammt aus einer PV-Anlage auf dem Dach. Wenn im Sommer viel gek\u00fchlt werden muss, erzeugt die Sonne die dazu ben\u00f6tigte Energie. Als K\u00e4ltemittel dient Propan. Es hat ein sehr geringes Treibhaus-Potenzial, so dass bereits heute Grenzwerte unterschritten werden, die erst ab 2030 gelten.<\/p>\n<p><strong>Er\u00f6ffnung f\u00fcr die Kunden am 11. November<\/strong><br \/>\nDas an der Ecke L\u00f6herstra\u00dfe \/ Bardostra\u00dfe am Rande der Innenstadt entstandene Geb\u00e4ude hat vier oberirdische Stockwerke und ein Staffelgeschoss mit insgesamt rund 12.000 Quadratmetern Bruttogeschossfl\u00e4che. Hier werden ab dem 11. November 2019 rund 400 Mitarbeiterinnen und Mitarbeiter der Rh\u00f6nEnergie Fulda-Gruppe arbeiten. Der Umzug erfolgt am verl\u00e4ngerten Wochenende 7. bis 10. November 2019. Der Haupteingang befindet sich an der Ecke des Grundst\u00fccks gegen\u00fcber dem Kino.<\/p>\n<p>Im Erdgeschoss des neuen Geb\u00e4udes werden u. a. das Kundenzentrum der Rh\u00f6nEnergie Fulda und das \u00f6ffentlich zug\u00e4ngliche Bistro des Unternehmens untergebracht. In anschlie\u00dfenden separaten Bauabschnitten wird der Investor auf dem weitl\u00e4ufigen Gel\u00e4nde mehrere Geb\u00e4ude zur gewerblichen und privaten Nutzung errichten, darunter ein Hotel, an dem bereits gebaut wird. Generalunternehmer der bisher in Bau gegebenen Geb\u00e4ude ist die K\u00f6ster GmbH. <a href=\"http:\/\/www.re-fd.de\" target=\"_blank\" rel=\"noopener noreferrer\">www.re-fd.de<\/a><\/p>\n","protected":false},"excerpt":{"rendered":"<div class=\"tmnf_excerpt\"><p>Es ist vollbracht: Nur anderthalb Jahre nach der Grundsteinlegung im April 2018 ist das neue Verwaltungsgeb\u00e4ude der Rh\u00f6nEnergie Fulda-Gruppe am L\u00f6hertor bezugsfertig und wurde vom Bauherrn an den Energieversorger \u00fcbergeben. In einem Festakt w\u00fcrdigten die Projektpartner sowie prominente Vertreter der Gebietsk\u00f6rperschaften das Gro\u00dfprojekt als st\u00e4dtebaulichen Meilenstein.<\/p>\n<\/div>","protected":false},"author":1,"featured_media":182700,"comment_status":"closed","ping_status":"closed","sticky":false,"template":"","format":"standard","meta":{"footnotes":""},"categories":[1],"tags":[],"class_list":["post-182699","post","type-post","status-publish","format-standard","has-post-thumbnail","hentry","category-startseite"],"_links":{"self":[{"href":"https:\/\/www.fuldaernachrichten.de\/index.php?rest_route=\/wp\/v2\/posts\/182699","targetHints":{"allow":["GET"]}}],"collection":[{"href":"https:\/\/www.fuldaernachrichten.de\/index.php?rest_route=\/wp\/v2\/posts"}],"about":[{"href":"https:\/\/www.fuldaernachrichten.de\/index.php?rest_route=\/wp\/v2\/types\/post"}],"author":[{"embeddable":true,"href":"https:\/\/www.fuldaernachrichten.de\/index.php?rest_route=\/wp\/v2\/users\/1"}],"replies":[{"embeddable":true,"href":"https:\/\/www.fuldaernachrichten.de\/index.php?rest_route=%2Fwp%2Fv2%2Fcomments&post=182699"}],"version-history":[{"count":2,"href":"https:\/\/www.fuldaernachrichten.de\/index.php?rest_route=\/wp\/v2\/posts\/182699\/revisions"}],"predecessor-version":[{"id":182702,"href":"https:\/\/www.fuldaernachrichten.de\/index.php?rest_route=\/wp\/v2\/posts\/182699\/revisions\/182702"}],"wp:featuredmedia":[{"embeddable":true,"href":"https:\/\/www.fuldaernachrichten.de\/index.php?rest_route=\/wp\/v2\/media\/182700"}],"wp:attachment":[{"href":"https:\/\/www.fuldaernachrichten.de\/index.php?rest_route=%2Fwp%2Fv2%2Fmedia&parent=182699"}],"wp:term":[{"taxonomy":"category","embeddable":true,"href":"https:\/\/www.fuldaernachrichten.de\/index.php?rest_route=%2Fwp%2Fv2%2Fcategories&post=182699"},{"taxonomy":"post_tag","embeddable":true,"href":"https:\/\/www.fuldaernachrichten.de\/index.php?rest_route=%2Fwp%2Fv2%2Ftags&post=182699"}],"curies":[{"name":"wp","href":"https:\/\/api.w.org\/{rel}","templated":true}]}}