{"id":182692,"date":"2019-10-30T21:23:43","date_gmt":"2019-10-30T20:23:43","guid":{"rendered":"http:\/\/fuldaer-nachrichten.de\/?p=182692"},"modified":"2019-10-30T21:24:33","modified_gmt":"2019-10-30T20:24:33","slug":"wicher-folgt-auf-hering-nach-20-jahren-vorstandswechsel-bei-der-cdu-nordend-quartiersbelebung-als-herausforderung","status":"publish","type":"post","link":"https:\/\/www.fuldaernachrichten.de\/?p=182692","title":{"rendered":"Wicher folgt auf Hering &#8211; Nach 20 Jahren Vorstandswechsel bei der CDU Nordend"},"content":{"rendered":"<p>Michael Wicher ist der neue Vorsitzende der CDU Nordend, erzielte ein einstimmiges Votum bei der Mitgliederversammlung im Rhodos-Grill. Sein Vorg\u00e4nger Thomas Hering hatte bereits bei seiner letzten Wiederwahl vor zwei Jahren angek\u00fcndigt, nicht mehr zu kandidieren: \u201eNach 20 Jahren ist es Zeit f\u00fcr einen Wechsel. Umso mehr freue ich mich, mit Michael Wicher einen sehr zuverl\u00e4ssigen Nachfolger gefunden zu haben.\u201c <!--more--><\/p>\n<p>Wichers langj\u00e4hrige Erfahrungen aus Stadtpolitik und Nachbarschaftskontakten zahlten sich jetzt aus, \u201edenn das Nordend hat sich sehr gewandelt, was Herausforderungen f\u00fcr Politik, Vereine und die Bewohner bringt\u201c, so Hering in seinem Rechenschaftsbericht und R\u00fcckblick auf zwei Jahrzehnte. Wicher stimmte seiner Vorstellungsrede mit ein: \u201eEs geht mir um den Erhalt von Lebensqualit\u00e4t und vor allem Identit\u00e4t f\u00fcr unser Nordend, daf\u00fcr werde mich mein mehrj\u00e4hriges Engagement im \u00fcberparteilichen Stadtteilarbeitskreis Nordend fortsetzen.\u201c<\/p>\n<p>Noch viele weitere Themen w\u00fcrden die Menschen und somit ihre CDU vor Ort in den n\u00e4chsten Jahren fordern. So war ein Diskussionspunkt die Abschaffung der Stra\u00dfenausbaubeitr\u00e4ge, welche aufgrund der Stichtagsregelung leider in der Amand-Ney-Stra\u00dfe nicht zum Tragen komme. Aber auch Wohnraum, Gewerbe und Verkehrsentwicklung und nicht zuletzt die Sicherheitslage seien wichtige Pfeiler f\u00fcr Lebensqualit\u00e4t, weshalb auch die Entwicklung am Waidesgrundareal in den Blick gerate. Wohnen und Kongress, Festplatz Ochsenwiese sowie der Erhalt von Stadtgr\u00fcn und Orten der Begegnung belebten das Quartier und m\u00fcssen auf h\u00f6chstm\u00f6gliche Akzeptanz ausgerichtet sein. Dazu geh\u00f6re auch die Sicherung der Nahversorgung als Anlaufstelle, nachdem das Einzelhandelsangebot am Beispiel der einst hoch belebten Leipziger Stra\u00dfe erschreckend zur\u00fcck gegangen sei. Auch der Erhalt des Pfarrzentrums f\u00fcr die \u00f6rtlichen Gruppierungen und Vereine stehe im Fokus. <\/p>\n<p>Weniger Kopfzerbrechen bereite die Entwicklung der Hochschule samt studentischem Wohnen, welches die CDU Nordend in zahlreichen Aktivit\u00e4ten und Beitr\u00e4gen begleitet habe. Abschlie\u00dfend blieb Hering der Hinweis auf weit verbreitete und dauerhafte Themen, wie Stra\u00dfenverkehr, Parken, Sauberkeit und L\u00e4rm. In jahrelanger Kleinarbeit habe man viele Anregungen aus dem Nordend umsetzen k\u00f6nnen, wie sie z. B. in Umfrageaktionen der CDU bekannt geworden seien. Der neue Vorsitzende Michael Wicher als direkter Anwohner einer Hauptverkehrsachsen wolle hier ankn\u00fcpfen.<\/p>\n<p>Die Aussprache endete mit dem zufrieden stellenden Res\u00fcmee, dass die CDU Nordend stets Pr\u00e4senz gezeigt habe in einem Stadtteil, der keine CDU Hochburg sei. Durchhalten, dranbleiben und gutes Vernetzen h\u00e4tten Akzente gesetzt, so dass nicht nur in engagierten Wahlk\u00e4mpfen und Informationsveranstaltungen B\u00fcrgern\u00e4he gepflegt worden sei.<br \/>\nDie Diskussionen zur R\u00fcckschau und zuk\u00fcnftigen Ausrichtung wurden begleitet durch Gru\u00dfworte des Kreisvorsitzenden Markus Meysner, MdL und des neuen Kreisgesch\u00e4ftsf\u00fchrers Erik Sch\u00e4ckermann, der die Versammlungsleitung \u00fcbernommen hatte. In dieser Zusammensetzung verwunderte es nicht, dass die Mitgliederversammlung mit lebhaften und humorvollen Gespr\u00e4chen bis in den sp\u00e4ten Abend fortgesetzt wurde. Ein guter Start f\u00fcr den neu gew\u00e4hlten Vorstand der CDU Nordend. <\/p>\n<p>Diesem geh\u00f6ren an:<br \/>\nVorsitzender: Michael Wicher<br \/>\nStellvertretende Vorsitzende: Esther Schmitt-Eckart, Lars D\u00f6ppner<br \/>\nSchriftf\u00fchrer: Holger Umlauf<br \/>\nBeisitzer: Ulla D\u00f6ppner, Hans-Peter G\u00fcnther, Rosemarie Schnabel, Rudolf Schnabel, Winfried Uth<br \/>\nMitgliederbeauftragte: Esther Schmitt-Eckart <\/p>\n","protected":false},"excerpt":{"rendered":"<div class=\"tmnf_excerpt\"><p>Michael Wicher ist der neue Vorsitzende der CDU Nordend, erzielte ein einstimmiges Votum bei der Mitgliederversammlung im Rhodos-Grill. Sein Vorg\u00e4nger Thomas Hering hatte bereits bei seiner letzten Wiederwahl vor zwei Jahren angek\u00fcndigt, nicht mehr zu kandidieren: \u201eNach 20 Jahren ist es Zeit f\u00fcr einen Wechsel. Umso mehr freue ich mich, mit Michael Wicher einen sehr &hellip;<\/p>\n<\/div>","protected":false},"author":1,"featured_media":182693,"comment_status":"closed","ping_status":"closed","sticky":false,"template":"","format":"standard","meta":{"footnotes":""},"categories":[1],"tags":[],"class_list":["post-182692","post","type-post","status-publish","format-standard","has-post-thumbnail","hentry","category-startseite"],"_links":{"self":[{"href":"https:\/\/www.fuldaernachrichten.de\/index.php?rest_route=\/wp\/v2\/posts\/182692","targetHints":{"allow":["GET"]}}],"collection":[{"href":"https:\/\/www.fuldaernachrichten.de\/index.php?rest_route=\/wp\/v2\/posts"}],"about":[{"href":"https:\/\/www.fuldaernachrichten.de\/index.php?rest_route=\/wp\/v2\/types\/post"}],"author":[{"embeddable":true,"href":"https:\/\/www.fuldaernachrichten.de\/index.php?rest_route=\/wp\/v2\/users\/1"}],"replies":[{"embeddable":true,"href":"https:\/\/www.fuldaernachrichten.de\/index.php?rest_route=%2Fwp%2Fv2%2Fcomments&post=182692"}],"version-history":[{"count":2,"href":"https:\/\/www.fuldaernachrichten.de\/index.php?rest_route=\/wp\/v2\/posts\/182692\/revisions"}],"predecessor-version":[{"id":182695,"href":"https:\/\/www.fuldaernachrichten.de\/index.php?rest_route=\/wp\/v2\/posts\/182692\/revisions\/182695"}],"wp:featuredmedia":[{"embeddable":true,"href":"https:\/\/www.fuldaernachrichten.de\/index.php?rest_route=\/wp\/v2\/media\/182693"}],"wp:attachment":[{"href":"https:\/\/www.fuldaernachrichten.de\/index.php?rest_route=%2Fwp%2Fv2%2Fmedia&parent=182692"}],"wp:term":[{"taxonomy":"category","embeddable":true,"href":"https:\/\/www.fuldaernachrichten.de\/index.php?rest_route=%2Fwp%2Fv2%2Fcategories&post=182692"},{"taxonomy":"post_tag","embeddable":true,"href":"https:\/\/www.fuldaernachrichten.de\/index.php?rest_route=%2Fwp%2Fv2%2Ftags&post=182692"}],"curies":[{"name":"wp","href":"https:\/\/api.w.org\/{rel}","templated":true}]}}