{"id":18267,"date":"2008-12-31T05:10:14","date_gmt":"2008-12-31T04:10:14","guid":{"rendered":"http:\/\/www.schoene-nachrichten.de\/?p=18267"},"modified":"2008-12-25T05:11:55","modified_gmt":"2008-12-25T04:11:55","slug":"kurzer-prozess-kinostart-01012009","status":"publish","type":"post","link":"https:\/\/www.fuldaernachrichten.de\/?p=18267","title":{"rendered":"Kurzer Prozess &#8211; Kinostart: 01.01.2009"},"content":{"rendered":"<p><strong><a href=\"http:\/\/www.schoene-nachrichten.de\/wp-content\/uploads\/2008\/12\/081225_prozess.jpg\"><img decoding=\"async\" class=\"alignleft size-medium wp-image-18266\" title=\"009946\" src=\"http:\/\/www.schoene-nachrichten.de\/wp-content\/uploads\/2008\/12\/081225_prozess-265x177.jpg\" alt=\"009946\" width=\"265\" height=\"177\" srcset=\"https:\/\/www.fuldaernachrichten.de\/wp-content\/uploads\/2008\/12\/081225_prozess-265x177.jpg 265w, https:\/\/www.fuldaernachrichten.de\/wp-content\/uploads\/2008\/12\/081225_prozess.jpg 800w\" sizes=\"(max-width: 265px) 100vw, 265px\" \/><\/a>Kino. <\/strong>Ein Serienkiller macht New York City unsicher. Da es sich bei seinen Opfern aber ausschlie\u00dflich um Verbrecher handelt, die bislang ungestraft davonkommen konnten, hegen die beiden ermittelnden Polizisten Turk (Robert De Niro) und Rooster (Al Pacino) sogar gewisse Sympathien f\u00fcr den T\u00e4ter. Als die Spur sich verdichtet und in die eigenen Reihen zu f\u00fchren scheint, m\u00fcssen sich die langj\u00e4hrigen Partner fragen, ob es sich beim Richter und Henker in Personalunion nicht um einen ihrer Kollegen handeln k\u00f6nnte.<\/p>\n","protected":false},"excerpt":{"rendered":"<div class=\"tmnf_excerpt\"><p>Kino. Ein Serienkiller macht New York City unsicher. Da es sich bei seinen Opfern aber ausschlie\u00dflich um Verbrecher handelt, die bislang ungestraft davonkommen konnten, hegen die beiden ermittelnden Polizisten Turk (Robert De Niro) und Rooster (Al Pacino) sogar gewisse Sympathien f\u00fcr den T\u00e4ter. Als die Spur sich verdichtet und in die eigenen Reihen zu f\u00fchren &hellip;<\/p>\n<\/div>","protected":false},"author":1,"featured_media":0,"comment_status":"closed","ping_status":"closed","sticky":false,"template":"","format":"standard","meta":{"footnotes":""},"categories":[1,79],"tags":[],"class_list":["post-18267","post","type-post","status-publish","format-standard","hentry","category-startseite","category-kino"],"_links":{"self":[{"href":"https:\/\/www.fuldaernachrichten.de\/index.php?rest_route=\/wp\/v2\/posts\/18267","targetHints":{"allow":["GET"]}}],"collection":[{"href":"https:\/\/www.fuldaernachrichten.de\/index.php?rest_route=\/wp\/v2\/posts"}],"about":[{"href":"https:\/\/www.fuldaernachrichten.de\/index.php?rest_route=\/wp\/v2\/types\/post"}],"author":[{"embeddable":true,"href":"https:\/\/www.fuldaernachrichten.de\/index.php?rest_route=\/wp\/v2\/users\/1"}],"replies":[{"embeddable":true,"href":"https:\/\/www.fuldaernachrichten.de\/index.php?rest_route=%2Fwp%2Fv2%2Fcomments&post=18267"}],"version-history":[{"count":2,"href":"https:\/\/www.fuldaernachrichten.de\/index.php?rest_route=\/wp\/v2\/posts\/18267\/revisions"}],"predecessor-version":[{"id":18269,"href":"https:\/\/www.fuldaernachrichten.de\/index.php?rest_route=\/wp\/v2\/posts\/18267\/revisions\/18269"}],"wp:attachment":[{"href":"https:\/\/www.fuldaernachrichten.de\/index.php?rest_route=%2Fwp%2Fv2%2Fmedia&parent=18267"}],"wp:term":[{"taxonomy":"category","embeddable":true,"href":"https:\/\/www.fuldaernachrichten.de\/index.php?rest_route=%2Fwp%2Fv2%2Fcategories&post=18267"},{"taxonomy":"post_tag","embeddable":true,"href":"https:\/\/www.fuldaernachrichten.de\/index.php?rest_route=%2Fwp%2Fv2%2Ftags&post=18267"}],"curies":[{"name":"wp","href":"https:\/\/api.w.org\/{rel}","templated":true}]}}