{"id":182668,"date":"2019-10-30T20:59:46","date_gmt":"2019-10-30T19:59:46","guid":{"rendered":"http:\/\/fuldaer-nachrichten.de\/?p=182668"},"modified":"2019-10-30T20:59:46","modified_gmt":"2019-10-30T19:59:46","slug":"besichtigung-des-mediana-wohnstifts-in-fulda","status":"publish","type":"post","link":"https:\/\/www.fuldaernachrichten.de\/?p=182668","title":{"rendered":"Besichtigung des Mediana Wohnstifts in Fulda"},"content":{"rendered":"<p>Am Mittwoch, 06. November, wird eine Besichtigung des Wohnstift Mediana angeboten. Treffpunkt ist um 15 Uhr im Eingang des Wohnstift Mediana in der Friedensstra\u00dfe 8 in Fulda. Das Wohnstift ist mit der Stadtbuslinie 1, 5 und 7, Haltestelle Ellerstra\u00dfe zu erreichen.<\/p>\n<p>Sie erhalten einen Einblick in die verschiedenen Abteilungen der Senioreneinrichtung in der Friedensstra\u00dfe, Ecke K\u00fcnzeller Stra\u00dfe. Im Rahmen der Besichtigung werden Schwimmbad mit Wellnessbereich, \u00f6ffentliche Therapieabteilung, Restaurant, Caf\u00e9, Fris\u00f6r, bis hin zu den Apartments zu sehen sein. Im Anschluss an die F\u00fchrung im Wohnstift gibt es, wenn gew\u00fcnscht, Informationen zum \u201eBetreuten Wohnen\u201c in der K\u00fcnzeller Stra\u00dfe 34 und 40.<\/p>\n<p>Zur Planung ist eine Anmeldung unter Telefon (0661) 83800 oder info.wohnstift@mediana.de sinnvoll.<\/p>\n","protected":false},"excerpt":{"rendered":"<div class=\"tmnf_excerpt\"><p>Am Mittwoch, 06. November, wird eine Besichtigung des Wohnstift Mediana angeboten. Treffpunkt ist um 15 Uhr im Eingang des Wohnstift Mediana in der Friedensstra\u00dfe 8 in Fulda. Das Wohnstift ist mit der Stadtbuslinie 1, 5 und 7, Haltestelle Ellerstra\u00dfe zu erreichen. Sie erhalten einen Einblick in die verschiedenen Abteilungen der Senioreneinrichtung in der Friedensstra\u00dfe, Ecke &hellip;<\/p>\n<\/div>","protected":false},"author":1,"featured_media":0,"comment_status":"closed","ping_status":"closed","sticky":false,"template":"","format":"standard","meta":{"footnotes":""},"categories":[1],"tags":[],"class_list":["post-182668","post","type-post","status-publish","format-standard","hentry","category-startseite"],"_links":{"self":[{"href":"https:\/\/www.fuldaernachrichten.de\/index.php?rest_route=\/wp\/v2\/posts\/182668","targetHints":{"allow":["GET"]}}],"collection":[{"href":"https:\/\/www.fuldaernachrichten.de\/index.php?rest_route=\/wp\/v2\/posts"}],"about":[{"href":"https:\/\/www.fuldaernachrichten.de\/index.php?rest_route=\/wp\/v2\/types\/post"}],"author":[{"embeddable":true,"href":"https:\/\/www.fuldaernachrichten.de\/index.php?rest_route=\/wp\/v2\/users\/1"}],"replies":[{"embeddable":true,"href":"https:\/\/www.fuldaernachrichten.de\/index.php?rest_route=%2Fwp%2Fv2%2Fcomments&post=182668"}],"version-history":[{"count":1,"href":"https:\/\/www.fuldaernachrichten.de\/index.php?rest_route=\/wp\/v2\/posts\/182668\/revisions"}],"predecessor-version":[{"id":182669,"href":"https:\/\/www.fuldaernachrichten.de\/index.php?rest_route=\/wp\/v2\/posts\/182668\/revisions\/182669"}],"wp:attachment":[{"href":"https:\/\/www.fuldaernachrichten.de\/index.php?rest_route=%2Fwp%2Fv2%2Fmedia&parent=182668"}],"wp:term":[{"taxonomy":"category","embeddable":true,"href":"https:\/\/www.fuldaernachrichten.de\/index.php?rest_route=%2Fwp%2Fv2%2Fcategories&post=182668"},{"taxonomy":"post_tag","embeddable":true,"href":"https:\/\/www.fuldaernachrichten.de\/index.php?rest_route=%2Fwp%2Fv2%2Ftags&post=182668"}],"curies":[{"name":"wp","href":"https:\/\/api.w.org\/{rel}","templated":true}]}}