{"id":182635,"date":"2019-10-29T17:20:20","date_gmt":"2019-10-29T16:20:20","guid":{"rendered":"http:\/\/fuldaer-nachrichten.de\/?p=182635"},"modified":"2019-10-29T17:20:20","modified_gmt":"2019-10-29T16:20:20","slug":"2-fuldaer-nacht-der-philosophen-macht-demokratie-sinn","status":"publish","type":"post","link":"https:\/\/www.fuldaernachrichten.de\/?p=182635","title":{"rendered":"2. Fuldaer Nacht der Philosophen &#8211; Macht \u2013 Demokratie \u2013 Sinn?"},"content":{"rendered":"<p><strong>\u00e2\u20ac\u00a6am Freitag, den 08.11.2019 um 19:00 Uhr im Forum Kanzlerpalais.<\/strong><\/p>\n<p>Viele Menschen haben den Glauben an die Demokratie verloren. Sie nehmen die Politik wie ein Schicksal, das \u00fcber sie gekommen ist und sorgen sich ansonsten um ihr pers\u00f6nliches Wohlergehen. Das ist gef\u00e4hrlich. Nicht nur, weil sich mit dem schwindenden B\u00fcrgerbewusstsein populistische Str\u00f6mungen ausbreiten, die demokratische Macht durch autorit\u00e4ren F\u00fchrung ersetzen wollen, sondern vor allem, weil wir den Sinn und die W\u00fcrde des Menschseins preisgeben, wenn wir nicht mehr politisch denken.<!--more--><\/p>\n<p>Die 2. Fuldaer Nacht der Philosophen beleuchtet aus unterschiedlichen Perspektiven die politischen Fundamente unseres gesellschaftlichen und pers\u00f6nlichen Lebens und l\u00e4dt dazu ein, sich am Diskurs \u00fcber die Gestaltung unseres Gemeinwesens zu beteiligen. Gastgeber ist wie im Vorjahr der Fuldaer Denker und Bestseller-Autor Christoph Quarch; seine Gespr\u00e4chspartner sind die Philosophen Thomas Schwarz-Wentzer (Arhus\/DK) und Nikolas Dierks (L\u00fcneburg).<\/p>\n<p>Karten zu dieser Veranstaltung, sind im Vorverkauf in den Gesch\u00e4ftsstellen der Fuldaer Zeitung erh\u00e4ltlich:<br \/>\nVorverkauf: 17 Euro; erm\u00e4\u00dfigt 15 Euro<br \/>\nAbendkase: 19 Euro; erm\u00e4\u00dfigt 17 Euro<\/p>\n","protected":false},"excerpt":{"rendered":"<div class=\"tmnf_excerpt\"><p>\u00e2\u20ac\u00a6am Freitag, den 08.11.2019 um 19:00 Uhr im Forum Kanzlerpalais. Viele Menschen haben den Glauben an die Demokratie verloren. Sie nehmen die Politik wie ein Schicksal, das \u00fcber sie gekommen ist und sorgen sich ansonsten um ihr pers\u00f6nliches Wohlergehen. Das ist gef\u00e4hrlich. Nicht nur, weil sich mit dem schwindenden B\u00fcrgerbewusstsein populistische Str\u00f6mungen ausbreiten, die demokratische &hellip;<\/p>\n<\/div>","protected":false},"author":1,"featured_media":182636,"comment_status":"closed","ping_status":"closed","sticky":false,"template":"","format":"standard","meta":{"footnotes":""},"categories":[1],"tags":[],"class_list":["post-182635","post","type-post","status-publish","format-standard","has-post-thumbnail","hentry","category-startseite"],"_links":{"self":[{"href":"https:\/\/www.fuldaernachrichten.de\/index.php?rest_route=\/wp\/v2\/posts\/182635","targetHints":{"allow":["GET"]}}],"collection":[{"href":"https:\/\/www.fuldaernachrichten.de\/index.php?rest_route=\/wp\/v2\/posts"}],"about":[{"href":"https:\/\/www.fuldaernachrichten.de\/index.php?rest_route=\/wp\/v2\/types\/post"}],"author":[{"embeddable":true,"href":"https:\/\/www.fuldaernachrichten.de\/index.php?rest_route=\/wp\/v2\/users\/1"}],"replies":[{"embeddable":true,"href":"https:\/\/www.fuldaernachrichten.de\/index.php?rest_route=%2Fwp%2Fv2%2Fcomments&post=182635"}],"version-history":[{"count":1,"href":"https:\/\/www.fuldaernachrichten.de\/index.php?rest_route=\/wp\/v2\/posts\/182635\/revisions"}],"predecessor-version":[{"id":182637,"href":"https:\/\/www.fuldaernachrichten.de\/index.php?rest_route=\/wp\/v2\/posts\/182635\/revisions\/182637"}],"wp:featuredmedia":[{"embeddable":true,"href":"https:\/\/www.fuldaernachrichten.de\/index.php?rest_route=\/wp\/v2\/media\/182636"}],"wp:attachment":[{"href":"https:\/\/www.fuldaernachrichten.de\/index.php?rest_route=%2Fwp%2Fv2%2Fmedia&parent=182635"}],"wp:term":[{"taxonomy":"category","embeddable":true,"href":"https:\/\/www.fuldaernachrichten.de\/index.php?rest_route=%2Fwp%2Fv2%2Fcategories&post=182635"},{"taxonomy":"post_tag","embeddable":true,"href":"https:\/\/www.fuldaernachrichten.de\/index.php?rest_route=%2Fwp%2Fv2%2Ftags&post=182635"}],"curies":[{"name":"wp","href":"https:\/\/api.w.org\/{rel}","templated":true}]}}