{"id":182630,"date":"2019-10-29T17:16:22","date_gmt":"2019-10-29T16:16:22","guid":{"rendered":"http:\/\/fuldaer-nachrichten.de\/?p=182630"},"modified":"2019-10-29T17:16:22","modified_gmt":"2019-10-29T16:16:22","slug":"vom-artensterben-ursachen-folgen-gegenmassnahmen","status":"publish","type":"post","link":"https:\/\/www.fuldaernachrichten.de\/?p=182630","title":{"rendered":"Vom Artensterben Ursachen &#8211; Folgen &#8211; Gegenma\u00dfnahmen"},"content":{"rendered":"<p><strong>Freitag, 8. November 2019, 18.00 Uhr<br \/>\nWelcome In Wohnzimmer, Robert-Kircher-Stra\u00dfe 25, Fulda<\/strong><\/p>\n<p>Seit kurzem \u00fcberschlagen sich die Sensationsmeldungen in den Medien: Millionen Arten vom Aussterben bedroht!, hei\u00dft es da. Obwohl Wissenschaft und Naturschutzverb\u00e4nde seit vielen Jahren vor den Folgen einer industrialisierten, monokulturell ausgerichteten Landwirtschaft, des Klimawandels, eines r\u00fccksichtslosen Raubbaus an der Natur, der Versiegelung von immer mehr Fl\u00e4chen und anderen Entwicklungen warnen, landet das m\u00f6gliche Aussterben vieler Lebensformen \u2013 den Menschen eingeschlossen \u2013 erst jetzt wirklich im Scheinwerferlicht der \u00d6ffentlichkeit.<br \/>\nWarum hat die Wahrnehmung dieser Entwicklungen in einer breiten \u00d6ffentlichkeit so lange gedauert? Was genau sind die Ursachen f\u00fcr das drohende Artensterben? Welche Folgen sind wahrscheinlich, m\u00f6glich oder bereits real? Was l\u00e4sst sich dagegen auf welcher Ebene unternehmen?<!--more--><\/p>\n<p><strong>Vortrag und Gespr\u00e4ch mit:<\/strong><br \/>\nStefan Nawrath<br \/>\nBiologe, Friedrichsdorfer Institut zur Nachhaltigkeit (IzN) <\/p>\n<p>Der Eintritt ist frei, eine Anmeldung ist nicht erforderlich.<\/p>\n","protected":false},"excerpt":{"rendered":"<div class=\"tmnf_excerpt\"><p>Freitag, 8. November 2019, 18.00 Uhr Welcome In Wohnzimmer, Robert-Kircher-Stra\u00dfe 25, Fulda Seit kurzem \u00fcberschlagen sich die Sensationsmeldungen in den Medien: Millionen Arten vom Aussterben bedroht!, hei\u00dft es da. Obwohl Wissenschaft und Naturschutzverb\u00e4nde seit vielen Jahren vor den Folgen einer industrialisierten, monokulturell ausgerichteten Landwirtschaft, des Klimawandels, eines r\u00fccksichtslosen Raubbaus an der Natur, der Versiegelung von &hellip;<\/p>\n<\/div>","protected":false},"author":1,"featured_media":0,"comment_status":"closed","ping_status":"closed","sticky":false,"template":"","format":"standard","meta":{"footnotes":""},"categories":[1],"tags":[],"class_list":["post-182630","post","type-post","status-publish","format-standard","hentry","category-startseite"],"_links":{"self":[{"href":"https:\/\/www.fuldaernachrichten.de\/index.php?rest_route=\/wp\/v2\/posts\/182630","targetHints":{"allow":["GET"]}}],"collection":[{"href":"https:\/\/www.fuldaernachrichten.de\/index.php?rest_route=\/wp\/v2\/posts"}],"about":[{"href":"https:\/\/www.fuldaernachrichten.de\/index.php?rest_route=\/wp\/v2\/types\/post"}],"author":[{"embeddable":true,"href":"https:\/\/www.fuldaernachrichten.de\/index.php?rest_route=\/wp\/v2\/users\/1"}],"replies":[{"embeddable":true,"href":"https:\/\/www.fuldaernachrichten.de\/index.php?rest_route=%2Fwp%2Fv2%2Fcomments&post=182630"}],"version-history":[{"count":1,"href":"https:\/\/www.fuldaernachrichten.de\/index.php?rest_route=\/wp\/v2\/posts\/182630\/revisions"}],"predecessor-version":[{"id":182631,"href":"https:\/\/www.fuldaernachrichten.de\/index.php?rest_route=\/wp\/v2\/posts\/182630\/revisions\/182631"}],"wp:attachment":[{"href":"https:\/\/www.fuldaernachrichten.de\/index.php?rest_route=%2Fwp%2Fv2%2Fmedia&parent=182630"}],"wp:term":[{"taxonomy":"category","embeddable":true,"href":"https:\/\/www.fuldaernachrichten.de\/index.php?rest_route=%2Fwp%2Fv2%2Fcategories&post=182630"},{"taxonomy":"post_tag","embeddable":true,"href":"https:\/\/www.fuldaernachrichten.de\/index.php?rest_route=%2Fwp%2Fv2%2Ftags&post=182630"}],"curies":[{"name":"wp","href":"https:\/\/api.w.org\/{rel}","templated":true}]}}