{"id":182627,"date":"2019-10-29T10:45:58","date_gmt":"2019-10-29T09:45:58","guid":{"rendered":"http:\/\/fuldaer-nachrichten.de\/?p=182627"},"modified":"2019-10-29T10:45:58","modified_gmt":"2019-10-29T09:45:58","slug":"3-rhythmologischer-abend-des-klinikums-fulda-im-zeichen-des-app-zeitalters","status":"publish","type":"post","link":"https:\/\/www.fuldaernachrichten.de\/?p=182627","title":{"rendered":"3. Rhythmologischer Abend des Klinikums Fulda im Zeichen des App-Zeitalters"},"content":{"rendered":"<p>Gute Gr\u00fcnde sprachen daf\u00fcr, die Abkl\u00e4rung von Herzrasen \u2013 einem Symptom, das jedem Menschen im Laufe eines Lebens egal ob jung oder alt mehrfach widerf\u00e4hrt \u2013 zum Hauptthema des 3. Rhythmologischen Abends im Sippelshof (Sickels) zu machen. Da nicht zwangsl\u00e4ufig eine Herzrhythmusst\u00f6rung zugrunde liegt, ist eine differenzierte Anamnese und im Idealfall eine EKG-Dokumentation von gro\u00dfer Bedeutung.<!--more--><\/p>\n<p>Auf Einladung von Prof. Dr. Volker Sch\u00e4chinger (Direktor der Medizinischen Klinik I, Klinikum Fulda) und Dr. Joachim Krug (Leitender Arzt Elektrophysiologie der Medizinischen Klinik I) kamen am vergangenen Mittwoch etwa 90 Teilnehmer zu der Fortbildungsveranstaltung, um sich \u00fcber M\u00f6glichkeiten der Anamnese und Behandlung von Herzrasen fachlich auszutauschen. Zur Diskussion standen auch moderne technische M\u00f6glichkeiten, die Patienten bei der eigenst\u00e4ndigen Dokumentation von Herzrasen unterst\u00fctzen.<\/p>\n<p>Moderne z.B. Smartphone-basierte Programme bzw. Apps k\u00f6nnen uns heutzutage helfen, eine EKG-Dokumentation zu erwirken. Prof. Dr. Christian Veltmann von der Medizinischen Hochschule Hannover gab einen spannenden Einblick in diese modernen technischen M\u00f6glichkeiten. In der anschlie\u00dfenden Diskussion tauschten sich die Teilnehmer \u00fcber die Aussagekraft und Verwendung dieser Dokumentationen im Praxisalltag aus.<br \/>\nSo vielf\u00e4ltig die Symptome bei Herzrasen sein k\u00f6nnen, so vielf\u00e4ltig sind auch die sich dahinter verborgenen Herzrhythmusst\u00f6rungen. Andreea Nicolae-Sicinschi (Fach\u00e4rztin der Medizinischen Klinik I) er\u00f6ffnete die Vortragsreihe an dem Abend mit klinischen Fallbeispielen zum typischen Vorhofflattern, Dr. medic (Univ. Tg. Mures) Attila Sz\u00f6ll\u00f6si (Oberarzt der Medizinischen Klinik I) stellte AV-Knoten-Reentry-Tachykardien und ihre Differenzialdiagnosen vor und brachte dazu spannende Fallbeispielen aus seinem Klinikalltag mit. <\/p>\n<p>Die Vortragsreihe beendete Dr. Krug mit seinem Bericht \u00fcber atypisches Vorhofflattern sowie dem Stellenwert der Ablation. \u201eEine rundum gelungene Veranstaltung, die wir im n\u00e4chste Jahr gern wiederholen\u201c, res\u00fcmierte Dr. Krug den Abend. <\/p>\n","protected":false},"excerpt":{"rendered":"<div class=\"tmnf_excerpt\"><p>Gute Gr\u00fcnde sprachen daf\u00fcr, die Abkl\u00e4rung von Herzrasen \u2013 einem Symptom, das jedem Menschen im Laufe eines Lebens egal ob jung oder alt mehrfach widerf\u00e4hrt \u2013 zum Hauptthema des 3. Rhythmologischen Abends im Sippelshof (Sickels) zu machen. Da nicht zwangsl\u00e4ufig eine Herzrhythmusst\u00f6rung zugrunde liegt, ist eine differenzierte Anamnese und im Idealfall eine EKG-Dokumentation von gro\u00dfer &hellip;<\/p>\n<\/div>","protected":false},"author":1,"featured_media":182628,"comment_status":"closed","ping_status":"closed","sticky":false,"template":"","format":"standard","meta":{"footnotes":""},"categories":[1],"tags":[],"class_list":["post-182627","post","type-post","status-publish","format-standard","has-post-thumbnail","hentry","category-startseite"],"_links":{"self":[{"href":"https:\/\/www.fuldaernachrichten.de\/index.php?rest_route=\/wp\/v2\/posts\/182627","targetHints":{"allow":["GET"]}}],"collection":[{"href":"https:\/\/www.fuldaernachrichten.de\/index.php?rest_route=\/wp\/v2\/posts"}],"about":[{"href":"https:\/\/www.fuldaernachrichten.de\/index.php?rest_route=\/wp\/v2\/types\/post"}],"author":[{"embeddable":true,"href":"https:\/\/www.fuldaernachrichten.de\/index.php?rest_route=\/wp\/v2\/users\/1"}],"replies":[{"embeddable":true,"href":"https:\/\/www.fuldaernachrichten.de\/index.php?rest_route=%2Fwp%2Fv2%2Fcomments&post=182627"}],"version-history":[{"count":1,"href":"https:\/\/www.fuldaernachrichten.de\/index.php?rest_route=\/wp\/v2\/posts\/182627\/revisions"}],"predecessor-version":[{"id":182629,"href":"https:\/\/www.fuldaernachrichten.de\/index.php?rest_route=\/wp\/v2\/posts\/182627\/revisions\/182629"}],"wp:featuredmedia":[{"embeddable":true,"href":"https:\/\/www.fuldaernachrichten.de\/index.php?rest_route=\/wp\/v2\/media\/182628"}],"wp:attachment":[{"href":"https:\/\/www.fuldaernachrichten.de\/index.php?rest_route=%2Fwp%2Fv2%2Fmedia&parent=182627"}],"wp:term":[{"taxonomy":"category","embeddable":true,"href":"https:\/\/www.fuldaernachrichten.de\/index.php?rest_route=%2Fwp%2Fv2%2Fcategories&post=182627"},{"taxonomy":"post_tag","embeddable":true,"href":"https:\/\/www.fuldaernachrichten.de\/index.php?rest_route=%2Fwp%2Fv2%2Ftags&post=182627"}],"curies":[{"name":"wp","href":"https:\/\/api.w.org\/{rel}","templated":true}]}}