{"id":182624,"date":"2019-10-29T10:44:21","date_gmt":"2019-10-29T09:44:21","guid":{"rendered":"http:\/\/fuldaer-nachrichten.de\/?p=182624"},"modified":"2019-10-29T10:44:21","modified_gmt":"2019-10-29T09:44:21","slug":"die-topografische-entwicklung-fuldas-von-den-anfaengen-bis-ins-21-jahrhundert","status":"publish","type":"post","link":"https:\/\/www.fuldaernachrichten.de\/?p=182624","title":{"rendered":"Die topografische Entwicklung Fuldas  von den Anf\u00e4ngen bis ins 21. Jahrhundert"},"content":{"rendered":"<p>Zu einem Vortrag unter dem \u201eCivitas \u2013 Residenz \u2013 Sonderstatusstadt. Die topografische Entwicklung Fuldas von den Anf\u00e4ngen bis ins 21. Jahrhundert\u201c l\u00e4dt der Fuldaer Geschichtsverein am Donnerstag, 31. Oktober, um 19 Uhr, alle Interessierten ins vhs-Forum Kanzlerpalais (Unterm Heilig Kreuz 1) in Fulda ein. Der Eintritt ist \u2013 wie immer beim Geschichtsverein \u2013 frei.<!--more--><\/p>\n<p>Referentin des Abends ist Dr. Andrea P\u00fchringer. Hintergrund ist die Ver\u00f6ffentlichung des Bandes Fulda in der Reihe \u201eHessischer St\u00e4dteatlas\u201c, der p\u00fcnktlich zum Jahr des Stadtjubil\u00e4ums erschienen ist. Dieser Band, der im Zusammenwirken mit der Stadt Fulda vom Hessische Landesamt f\u00fcr geschichtliche Landeskunde erstellt wurde, zeigt die Stadtentwicklung vom Mittelalter bis zur Gegenwart in einem Textband, dem zahlreiche gro\u00dfformatige historische Pl\u00e4ne und Karten beigegeben sind. Die f\u00fcr den Band verantwortliche Autorin zeichnet in ihrem Vortrag die topografische Entwicklung Fuldas nach. Im Anschluss wird der aufwendig gestaltete Band allen Interessierten vorgestellt. <\/p>\n","protected":false},"excerpt":{"rendered":"<div class=\"tmnf_excerpt\"><p>Zu einem Vortrag unter dem \u201eCivitas \u2013 Residenz \u2013 Sonderstatusstadt. Die topografische Entwicklung Fuldas von den Anf\u00e4ngen bis ins 21. Jahrhundert\u201c l\u00e4dt der Fuldaer Geschichtsverein am Donnerstag, 31. Oktober, um 19 Uhr, alle Interessierten ins vhs-Forum Kanzlerpalais (Unterm Heilig Kreuz 1) in Fulda ein. Der Eintritt ist \u2013 wie immer beim Geschichtsverein \u2013 frei.<\/p>\n<\/div>","protected":false},"author":1,"featured_media":182625,"comment_status":"closed","ping_status":"closed","sticky":false,"template":"","format":"standard","meta":{"footnotes":""},"categories":[1],"tags":[],"class_list":["post-182624","post","type-post","status-publish","format-standard","has-post-thumbnail","hentry","category-startseite"],"_links":{"self":[{"href":"https:\/\/www.fuldaernachrichten.de\/index.php?rest_route=\/wp\/v2\/posts\/182624","targetHints":{"allow":["GET"]}}],"collection":[{"href":"https:\/\/www.fuldaernachrichten.de\/index.php?rest_route=\/wp\/v2\/posts"}],"about":[{"href":"https:\/\/www.fuldaernachrichten.de\/index.php?rest_route=\/wp\/v2\/types\/post"}],"author":[{"embeddable":true,"href":"https:\/\/www.fuldaernachrichten.de\/index.php?rest_route=\/wp\/v2\/users\/1"}],"replies":[{"embeddable":true,"href":"https:\/\/www.fuldaernachrichten.de\/index.php?rest_route=%2Fwp%2Fv2%2Fcomments&post=182624"}],"version-history":[{"count":1,"href":"https:\/\/www.fuldaernachrichten.de\/index.php?rest_route=\/wp\/v2\/posts\/182624\/revisions"}],"predecessor-version":[{"id":182626,"href":"https:\/\/www.fuldaernachrichten.de\/index.php?rest_route=\/wp\/v2\/posts\/182624\/revisions\/182626"}],"wp:featuredmedia":[{"embeddable":true,"href":"https:\/\/www.fuldaernachrichten.de\/index.php?rest_route=\/wp\/v2\/media\/182625"}],"wp:attachment":[{"href":"https:\/\/www.fuldaernachrichten.de\/index.php?rest_route=%2Fwp%2Fv2%2Fmedia&parent=182624"}],"wp:term":[{"taxonomy":"category","embeddable":true,"href":"https:\/\/www.fuldaernachrichten.de\/index.php?rest_route=%2Fwp%2Fv2%2Fcategories&post=182624"},{"taxonomy":"post_tag","embeddable":true,"href":"https:\/\/www.fuldaernachrichten.de\/index.php?rest_route=%2Fwp%2Fv2%2Ftags&post=182624"}],"curies":[{"name":"wp","href":"https:\/\/api.w.org\/{rel}","templated":true}]}}