{"id":182597,"date":"2019-10-29T10:21:09","date_gmt":"2019-10-29T09:21:09","guid":{"rendered":"http:\/\/fuldaer-nachrichten.de\/?p=182597"},"modified":"2019-10-29T10:21:34","modified_gmt":"2019-10-29T09:21:34","slug":"erfolgreiche-absolventen-der-altenpflegeausbildung-im-seniorenzentrum-schlitzerland","status":"publish","type":"post","link":"https:\/\/www.fuldaernachrichten.de\/?p=182597","title":{"rendered":"Erfolgreiche Absolventen der Altenpflegeausbildung im Seniorenzentrum Schlitzerland"},"content":{"rendered":"<p>Antonia Odabas und Jessika Davis haben ihre Ausbildung zur Altenpflegerin im Stiftlichen Seniorenzentrum Schlitzerland, einer Tochtergesellschaft der Eichhof-Stiftung Lauterbach, erfolgreich abgeschlossen. Heimleiter Klaus Schaefer, Bereichsleiter Personal Berthold Remiger und Pflegedienstleiterin Karin Vollm\u00f6ller gratulierten den neuen Fachkr\u00e4ften zum bestandenen Examen.<!--more--><\/p>\n<p>\u201eWir sind sehr stolz darauf, dass unsere beiden Mitarbeiterinnen die anspruchsvolle Ausbildung erfolgreich gemeistert haben und jetzt ein fester Teil des Teams in unserer Einrichtung sind\u201c, sagte Kaus Schaefer. \u201eWir handeln, indem wir alles daf\u00fcr tun, unsere k\u00fcnftigen Fachkr\u00e4fte selbst auszubilden und ihnen auch dann im Anschluss an das Examen die entsprechenden Arbeitspl\u00e4tze zur Verf\u00fcgung zu stellen\u201c, so der Heimleiter.<\/p>\n<p>Fr\u00fchzeitig h\u00e4tten die Nachwuchskr\u00e4fte das Signal erhalten, bei erfolgreicher Pr\u00fcfung einer Festanstellung gewiss sein zu k\u00f6nnen und das bliebe auch in Zukunft so, best\u00e4tigte Berthold Remiger. Dass eine fundierte Ausbildung im Seniorenzentrum Schlitzerland m\u00f6glich ist, sei dem engen Netzwerk aus kompetenten Kolleginnen und Kollegen zu verdanken.<\/p>\n<p>\u201eDie Absolventen verdienen h\u00f6chste Anerkennung f\u00fcr ihre Leistungen\u201c, stellte Pflegedienstleiterin Karin Vollm\u00f6ller heraus, die gemeinsam mit Altenpflegerin Andrea Schaefer die beiden Nachwuchskr\u00e4fte w\u00e4hrend ihrer dreij\u00e4hrigen Ausbildung als Praxisanleiterinnen betreut haben. Neben den in Schlitz durchgef\u00fchrten praktischen Lerninhalten und dem theoretischen Unterricht an den Altenpflegeschulen BBZ Fulda und AWO Burghaun, habe man die Synergien in der Eichhof-Stiftung Lauterbach genutzt und so h\u00e4tten die beiden ehemaligen Sch\u00fclerinnen Praktika beim ambulanten Pflegedienst in der Sozialstation Eichhof und im Krankenhaus Eichhof in Lauterbach absolvieren k\u00f6nnen.<\/p>\n<p>Als Altenpflegerin \u00fcbernehme man eine T\u00e4tigkeit f\u00fcr Menschen, die auf Hilfe und Unterst\u00fctzung vertrauen m\u00fcssen, und damit eine gro\u00dfe Verantwortung. All das br\u00e4chten Antonia Odabas und Jessika Davis mit, lobte der Heimleiter Klaus Schaefer, der sich sehr freute, dass beide Mitarbeiterinnen dem Seniorenzentrum Schlitzerland erhalten bleiben.<\/p>\n<p>\u201eEs ist ein positives Indiz f\u00fcr das Seniorenzentrum als Arbeitgeber, dass die beiden neuen Fachkr\u00e4fte hier ihre berufliche Zukunft sehen. Mit flexiblen und familienfreundlichen Arbeitszeiten, einer \u00fcberdurchschnittlichen Bezahlung und einem tollen Teamgeist unter den Mitarbeiterinnen und Mitarbeitern ist alles f\u00fcr ein erfolgreiches Wirken bereit\u201c, hie\u00df der Bereichsleiter Personal Berthold Remiger die beiden neuen Fachkr\u00e4fte noch einmal herzlich willkommen.<\/p>\n","protected":false},"excerpt":{"rendered":"<div class=\"tmnf_excerpt\"><p>Antonia Odabas und Jessika Davis haben ihre Ausbildung zur Altenpflegerin im Stiftlichen Seniorenzentrum Schlitzerland, einer Tochtergesellschaft der Eichhof-Stiftung Lauterbach, erfolgreich abgeschlossen. Heimleiter Klaus Schaefer, Bereichsleiter Personal Berthold Remiger und Pflegedienstleiterin Karin Vollm\u00f6ller gratulierten den neuen Fachkr\u00e4ften zum bestandenen Examen.<\/p>\n<\/div>","protected":false},"author":1,"featured_media":182598,"comment_status":"closed","ping_status":"closed","sticky":false,"template":"","format":"standard","meta":{"footnotes":""},"categories":[1],"tags":[],"class_list":["post-182597","post","type-post","status-publish","format-standard","has-post-thumbnail","hentry","category-startseite"],"_links":{"self":[{"href":"https:\/\/www.fuldaernachrichten.de\/index.php?rest_route=\/wp\/v2\/posts\/182597","targetHints":{"allow":["GET"]}}],"collection":[{"href":"https:\/\/www.fuldaernachrichten.de\/index.php?rest_route=\/wp\/v2\/posts"}],"about":[{"href":"https:\/\/www.fuldaernachrichten.de\/index.php?rest_route=\/wp\/v2\/types\/post"}],"author":[{"embeddable":true,"href":"https:\/\/www.fuldaernachrichten.de\/index.php?rest_route=\/wp\/v2\/users\/1"}],"replies":[{"embeddable":true,"href":"https:\/\/www.fuldaernachrichten.de\/index.php?rest_route=%2Fwp%2Fv2%2Fcomments&post=182597"}],"version-history":[{"count":1,"href":"https:\/\/www.fuldaernachrichten.de\/index.php?rest_route=\/wp\/v2\/posts\/182597\/revisions"}],"predecessor-version":[{"id":182599,"href":"https:\/\/www.fuldaernachrichten.de\/index.php?rest_route=\/wp\/v2\/posts\/182597\/revisions\/182599"}],"wp:featuredmedia":[{"embeddable":true,"href":"https:\/\/www.fuldaernachrichten.de\/index.php?rest_route=\/wp\/v2\/media\/182598"}],"wp:attachment":[{"href":"https:\/\/www.fuldaernachrichten.de\/index.php?rest_route=%2Fwp%2Fv2%2Fmedia&parent=182597"}],"wp:term":[{"taxonomy":"category","embeddable":true,"href":"https:\/\/www.fuldaernachrichten.de\/index.php?rest_route=%2Fwp%2Fv2%2Fcategories&post=182597"},{"taxonomy":"post_tag","embeddable":true,"href":"https:\/\/www.fuldaernachrichten.de\/index.php?rest_route=%2Fwp%2Fv2%2Ftags&post=182597"}],"curies":[{"name":"wp","href":"https:\/\/api.w.org\/{rel}","templated":true}]}}