{"id":182588,"date":"2019-10-28T21:13:52","date_gmt":"2019-10-28T20:13:52","guid":{"rendered":"http:\/\/fuldaer-nachrichten.de\/?p=182588"},"modified":"2019-10-28T21:13:52","modified_gmt":"2019-10-28T20:13:52","slug":"hessen-mobil-k-45-ebersburg-vollsperrung-und-sanierung-ab-4-11-2019","status":"publish","type":"post","link":"https:\/\/www.fuldaernachrichten.de\/?p=182588","title":{"rendered":"Hessen Mobil K 45 Ebersburg: Vollsperrung und Sanierung ab 4.11.2019"},"content":{"rendered":"<p>Vom 4.11. bis voraussichtlich 13.12.2019 ist die K 45 zwischen Rabennest und dem Abzweig nach Gersfeld bzw. Poppenhausen (L 3330) voll gesperrt. Die Umleitungen sind als U3 Richtung Weyhers, Altenm\u00fche, R\u00f6derhaid \u00fcber Gackenhof und Poppenhausen ausgeschildert bzw. als U4 Richtung Gersfeld, Gackenhof \u00fcber Poppenhausen und Gackenhof. Nach der Winterpause werden die Arbeiten ab Fr\u00fchjahr 2020 zwischen Rabennest und dem Abzweig nach Oberrod fortgesetzt und dauern voraussichtlich bis Ende Juli 2020. Die Strecke wird grundhaft erneuert. Die alte Fahrbahn wird bis zu 40 cm tief abgefr\u00e4st und durch neue Asphaltschichten ersetzt. Auch Entw\u00e4sserungseinrichtungen und Bankette werden saniert. Die Baul\u00e4nge betr\u00e4gt rund 2.500 Meter. Die Kosten belaufen sich auf rund 1,8 Mio Euro. Auftraggeber und Kostentr\u00e4ger ist der Landkreis Fulda.<\/p>\n","protected":false},"excerpt":{"rendered":"<div class=\"tmnf_excerpt\"><p>Vom 4.11. bis voraussichtlich 13.12.2019 ist die K 45 zwischen Rabennest und dem Abzweig nach Gersfeld bzw. Poppenhausen (L 3330) voll gesperrt. Die Umleitungen sind als U3 Richtung Weyhers, Altenm\u00fche, R\u00f6derhaid \u00fcber Gackenhof und Poppenhausen ausgeschildert bzw. als U4 Richtung Gersfeld, Gackenhof \u00fcber Poppenhausen und Gackenhof. Nach der Winterpause werden die Arbeiten ab Fr\u00fchjahr 2020 &hellip;<\/p>\n<\/div>","protected":false},"author":1,"featured_media":0,"comment_status":"closed","ping_status":"closed","sticky":false,"template":"","format":"standard","meta":{"footnotes":""},"categories":[1],"tags":[],"class_list":["post-182588","post","type-post","status-publish","format-standard","hentry","category-startseite"],"_links":{"self":[{"href":"https:\/\/www.fuldaernachrichten.de\/index.php?rest_route=\/wp\/v2\/posts\/182588","targetHints":{"allow":["GET"]}}],"collection":[{"href":"https:\/\/www.fuldaernachrichten.de\/index.php?rest_route=\/wp\/v2\/posts"}],"about":[{"href":"https:\/\/www.fuldaernachrichten.de\/index.php?rest_route=\/wp\/v2\/types\/post"}],"author":[{"embeddable":true,"href":"https:\/\/www.fuldaernachrichten.de\/index.php?rest_route=\/wp\/v2\/users\/1"}],"replies":[{"embeddable":true,"href":"https:\/\/www.fuldaernachrichten.de\/index.php?rest_route=%2Fwp%2Fv2%2Fcomments&post=182588"}],"version-history":[{"count":1,"href":"https:\/\/www.fuldaernachrichten.de\/index.php?rest_route=\/wp\/v2\/posts\/182588\/revisions"}],"predecessor-version":[{"id":182589,"href":"https:\/\/www.fuldaernachrichten.de\/index.php?rest_route=\/wp\/v2\/posts\/182588\/revisions\/182589"}],"wp:attachment":[{"href":"https:\/\/www.fuldaernachrichten.de\/index.php?rest_route=%2Fwp%2Fv2%2Fmedia&parent=182588"}],"wp:term":[{"taxonomy":"category","embeddable":true,"href":"https:\/\/www.fuldaernachrichten.de\/index.php?rest_route=%2Fwp%2Fv2%2Fcategories&post=182588"},{"taxonomy":"post_tag","embeddable":true,"href":"https:\/\/www.fuldaernachrichten.de\/index.php?rest_route=%2Fwp%2Fv2%2Ftags&post=182588"}],"curies":[{"name":"wp","href":"https:\/\/api.w.org\/{rel}","templated":true}]}}