{"id":182570,"date":"2019-10-28T20:48:22","date_gmt":"2019-10-28T19:48:22","guid":{"rendered":"http:\/\/fuldaer-nachrichten.de\/?p=182570"},"modified":"2019-10-28T20:48:22","modified_gmt":"2019-10-28T19:48:22","slug":"vom-rock-bis-zur-operette-abschlusskonzert-der-jugendblaeserfreizeit-des-kreis-und-stadtmusikverbandes","status":"publish","type":"post","link":"https:\/\/www.fuldaernachrichten.de\/?p=182570","title":{"rendered":"\u201eVom Rock bis zur Operette\u201c &#8211; Abschlusskonzert der Jugendbl\u00e4serfreizeit des Kreis- und Stadtmusikverbandes"},"content":{"rendered":"<p>Auf rund vier Jahrzehnte blickt der Kreis- und Stadtmusikverband Fulda in der Durchf\u00fchrung von Jugendbl\u00e4serfreizeiten zur\u00fcck. Bei einem Abschlusskonzert im L\u00fcderhaus pr\u00e4sentierten nun die 70 Teilnehmer die Ergebnisse des diesj\u00e4hrigen Projektes, das in Kooperation mit dem Musikverein Gro\u00dfenl\u00fcder ausgerichtet wurde.<!--more--><\/p>\n<p>An zwei Samstagen hatten die Teilnehmer flei\u00dfige Probenarbeit geleistet und unter der musikalischen Leitung von Leander Eismann (D\u00f6llautaler Motten) Andr\u00e9 M\u00fcller (Orchester der Freiherr vom Stein Schule) und Oliver Krah (Musikverein D\u00f6ngesm\u00fchle) &#8211; allesamt langj\u00e4hrige Mitlieder im Musikausschuss des Verbandes und Organisatoren der Bl\u00e4serfreizeiten &#8211; ein anspruchsvolles Programm erarbeitet.<\/p>\n<p>Fulminant begann das gut besetzte Projekt-Blasorchester sein Abschlusskonzert mit dem Rock-Klassiker \u201eSmoke on the water\u201c von Deep Purple. Anschlie\u00dfend erklang Filmmusik mit bekannten Titelmelodien bei \u201eDisney Film Favorites\u201c und mit \u201eA song for you\u201c eine zeitgen\u00f6ssische Komposition mit solistischen Einlagen.<\/p>\n<p>Die jugendlichen Teilnehmer f\u00fchrten die zahlreich erschienenen Zuh\u00f6rer mit ihren Moderationen souver\u00e4n durch das Programm, Verbandsvorsitzender Dr. Norbert Herr und die drei Dirigenten erl\u00e4uterten die Konzeption und die Geschichte der Bl\u00e4serfreizeiten.<\/p>\n<p>Orientalische Kl\u00e4nge ert\u00f6nten bei den Highlights aus \u201eAladdin\u201c, bevor das Konzert mit dem bekannten \u201eCan Can\u201c aus der Operette Orpheus in der Unterwelt von Jaques Offenbach seinen schwungvollen Abschluss fand.<\/p>\n<p>Nach Dankesworten an die Teilnehmer und den ausrichtenden Verein entlie\u00df das begeisterte Publikum die jungen Musikerinnen und Musiker im Alter von 10 bis 19 Jahren erst nach mehreren Zugaben.<\/p>\n","protected":false},"excerpt":{"rendered":"<div class=\"tmnf_excerpt\"><p>Auf rund vier Jahrzehnte blickt der Kreis- und Stadtmusikverband Fulda in der Durchf\u00fchrung von Jugendbl\u00e4serfreizeiten zur\u00fcck. Bei einem Abschlusskonzert im L\u00fcderhaus pr\u00e4sentierten nun die 70 Teilnehmer die Ergebnisse des diesj\u00e4hrigen Projektes, das in Kooperation mit dem Musikverein Gro\u00dfenl\u00fcder ausgerichtet wurde.<\/p>\n<\/div>","protected":false},"author":1,"featured_media":182571,"comment_status":"closed","ping_status":"closed","sticky":false,"template":"","format":"standard","meta":{"footnotes":""},"categories":[1],"tags":[],"class_list":["post-182570","post","type-post","status-publish","format-standard","has-post-thumbnail","hentry","category-startseite"],"_links":{"self":[{"href":"https:\/\/www.fuldaernachrichten.de\/index.php?rest_route=\/wp\/v2\/posts\/182570","targetHints":{"allow":["GET"]}}],"collection":[{"href":"https:\/\/www.fuldaernachrichten.de\/index.php?rest_route=\/wp\/v2\/posts"}],"about":[{"href":"https:\/\/www.fuldaernachrichten.de\/index.php?rest_route=\/wp\/v2\/types\/post"}],"author":[{"embeddable":true,"href":"https:\/\/www.fuldaernachrichten.de\/index.php?rest_route=\/wp\/v2\/users\/1"}],"replies":[{"embeddable":true,"href":"https:\/\/www.fuldaernachrichten.de\/index.php?rest_route=%2Fwp%2Fv2%2Fcomments&post=182570"}],"version-history":[{"count":1,"href":"https:\/\/www.fuldaernachrichten.de\/index.php?rest_route=\/wp\/v2\/posts\/182570\/revisions"}],"predecessor-version":[{"id":182572,"href":"https:\/\/www.fuldaernachrichten.de\/index.php?rest_route=\/wp\/v2\/posts\/182570\/revisions\/182572"}],"wp:featuredmedia":[{"embeddable":true,"href":"https:\/\/www.fuldaernachrichten.de\/index.php?rest_route=\/wp\/v2\/media\/182571"}],"wp:attachment":[{"href":"https:\/\/www.fuldaernachrichten.de\/index.php?rest_route=%2Fwp%2Fv2%2Fmedia&parent=182570"}],"wp:term":[{"taxonomy":"category","embeddable":true,"href":"https:\/\/www.fuldaernachrichten.de\/index.php?rest_route=%2Fwp%2Fv2%2Fcategories&post=182570"},{"taxonomy":"post_tag","embeddable":true,"href":"https:\/\/www.fuldaernachrichten.de\/index.php?rest_route=%2Fwp%2Fv2%2Ftags&post=182570"}],"curies":[{"name":"wp","href":"https:\/\/api.w.org\/{rel}","templated":true}]}}