{"id":182567,"date":"2019-10-27T10:42:41","date_gmt":"2019-10-27T09:42:41","guid":{"rendered":"http:\/\/fuldaer-nachrichten.de\/?p=182567"},"modified":"2019-10-27T10:42:41","modified_gmt":"2019-10-27T09:42:41","slug":"130-markenhersteller-auf-4000-m2-messeflaeche-im-kongresszentrum-esperanto-11-werkzeug-und-maschinen-messe-der-wemag-gmbh-co-kg","status":"publish","type":"post","link":"https:\/\/www.fuldaernachrichten.de\/?p=182567","title":{"rendered":"130 Markenhersteller auf 4000 m2 Messefl\u00e4che im Kongresszentrum Esperanto: 11. Werkzeug und Maschinen Messe der WEMAG GmbH &#038; Co. KG"},"content":{"rendered":"<p>Bei der 11. Auflage wartet die Werkzeug und Maschinen Messe mit einer Vielzahl an Superlativen auf: Zum 11. Mal treffen sich \u00fcber 130 Markenhersteller in der Zeit vom 01. bis zum 03. November im Kongresszentrum Esperanto in Fulda. Kommen &#8211; schauen &#8211; kaufen ist das Motto von national und internationalen Ausstellern, die auf 4.000 m2 Ausstellungsfl\u00e4che Produkte aus dem Bereichen Zerspanung, Spanntechnik, Messtechnik, Handwerkzeuge, Schleiftechnik, Maschinen, Drucklufttechnik, Chemie, Betriebseinrichtung, B\u00fcrobedarf, Arbeitsschutz, Befestigungstechnik und dem Eintracht Frankfurt-Fanshop pr\u00e4sentieren.<!--more--><\/p>\n<p>Nach \u00fcber zwei Jahrzehnten ist die Werkzeug und Maschinen Messe eine Erfolgsgeschichte und im Terminkalender des gewerblichen und privaten Fachpublikums fest verankert. Die WEMAG-Gesch\u00e4ftsf\u00fchrung mit Christopher und Joachim Schaus sind \u00fcberaus zuversichtlich: \u201eDiese Messe zieht ein breitgef\u00e4chertes Publikum aus ganz Hessen und den angrenzenden Bundesl\u00e4ndern Th\u00fcringen, Bayern und Nordrhein-Westfalen an, daher erwarten wir einige tausend G\u00e4ste.\u201c<br \/>\nNach drei Jahren wird diese Kaufmesse mit einem breiten Spektrum an Produkten und Neuheiten wieder veranstaltet und bietet zudem mit einer attraktiveren Tombola und Gewinnspielen auch \u00fcber das Fachliche hinaus beste Unterhaltung f\u00fcr die Messebesucher. Nach dem Motto: Altbew\u00e4hrtes integrieren und kontinuierlich neue Ideen einflie\u00dfen lassen und stets besondere Highlights pr\u00e4sentieren, ist der Mix aus dem eine erfolgreiche Messe hervorgeht. Ganz im Sinne der Digitalisierung pr\u00e4sentiert die WEMAG L\u00f6sungen zum Thema Prozessoptimierung und Robotik sowie absolute Highlights aus dem gesamten Sortiment. Zusammen mit den Messeausstellern wurden attraktive Messeangebote erstellt von denen Besucher nur profitieren k\u00f6nnen. Absolute Attraktion am Rande des Messegeschehens ist ohne Frage die Tombola mit erstmals \u00fcber 3.000 attraktiven Preisen. Christopher Schaus: \u201eZahlreiche tolle Gewinne werden auch in diesem Jahr verlost \u00fcber die sich die Messebesucher freuen d\u00fcrfen!\u201c Wo \u00fcber die Tombola auf der einen Seite tolle Gewinne verlost werden, f\u00fcllt sich \u00fcber den Losverkauf auf der anderen Seite der Spendentopf f\u00fcr soziale Projekte der Regionen, in den WEMAG ans\u00e4ssig ist \u2013 ein pers\u00f6nliches Anliegen der WEMAG- Gesch\u00e4ftsf\u00fchrung.<\/p>\n","protected":false},"excerpt":{"rendered":"<div class=\"tmnf_excerpt\"><p>Bei der 11. Auflage wartet die Werkzeug und Maschinen Messe mit einer Vielzahl an Superlativen auf: Zum 11. Mal treffen sich \u00fcber 130 Markenhersteller in der Zeit vom 01. bis zum 03. November im Kongresszentrum Esperanto in Fulda. Kommen &#8211; schauen &#8211; kaufen ist das Motto von national und internationalen Ausstellern, die auf 4.000 m2 &hellip;<\/p>\n<\/div>","protected":false},"author":1,"featured_media":0,"comment_status":"closed","ping_status":"closed","sticky":false,"template":"","format":"standard","meta":{"footnotes":""},"categories":[1],"tags":[],"class_list":["post-182567","post","type-post","status-publish","format-standard","hentry","category-startseite"],"_links":{"self":[{"href":"https:\/\/www.fuldaernachrichten.de\/index.php?rest_route=\/wp\/v2\/posts\/182567","targetHints":{"allow":["GET"]}}],"collection":[{"href":"https:\/\/www.fuldaernachrichten.de\/index.php?rest_route=\/wp\/v2\/posts"}],"about":[{"href":"https:\/\/www.fuldaernachrichten.de\/index.php?rest_route=\/wp\/v2\/types\/post"}],"author":[{"embeddable":true,"href":"https:\/\/www.fuldaernachrichten.de\/index.php?rest_route=\/wp\/v2\/users\/1"}],"replies":[{"embeddable":true,"href":"https:\/\/www.fuldaernachrichten.de\/index.php?rest_route=%2Fwp%2Fv2%2Fcomments&post=182567"}],"version-history":[{"count":1,"href":"https:\/\/www.fuldaernachrichten.de\/index.php?rest_route=\/wp\/v2\/posts\/182567\/revisions"}],"predecessor-version":[{"id":182568,"href":"https:\/\/www.fuldaernachrichten.de\/index.php?rest_route=\/wp\/v2\/posts\/182567\/revisions\/182568"}],"wp:attachment":[{"href":"https:\/\/www.fuldaernachrichten.de\/index.php?rest_route=%2Fwp%2Fv2%2Fmedia&parent=182567"}],"wp:term":[{"taxonomy":"category","embeddable":true,"href":"https:\/\/www.fuldaernachrichten.de\/index.php?rest_route=%2Fwp%2Fv2%2Fcategories&post=182567"},{"taxonomy":"post_tag","embeddable":true,"href":"https:\/\/www.fuldaernachrichten.de\/index.php?rest_route=%2Fwp%2Fv2%2Ftags&post=182567"}],"curies":[{"name":"wp","href":"https:\/\/api.w.org\/{rel}","templated":true}]}}