{"id":182561,"date":"2019-10-26T10:02:14","date_gmt":"2019-10-26T08:02:14","guid":{"rendered":"http:\/\/fuldaer-nachrichten.de\/?p=182561"},"modified":"2019-10-26T10:02:14","modified_gmt":"2019-10-26T08:02:14","slug":"kroatische-aerzte-zu-gast-im-krankenhaus-eichhof-zukuenftige-kooperation-ausgelotet","status":"publish","type":"post","link":"https:\/\/www.fuldaernachrichten.de\/?p=182561","title":{"rendered":"Kroatische \u00c4rzte zu Gast im Krankenhaus Eichhof &#8211; Zuk\u00fcnftige Kooperation ausgelotet"},"content":{"rendered":"<p>Verwaltung und Chef\u00e4rzte am Krankenhaus Eichhof begr\u00fc\u00dften im Oktober Arztkollegen aus Kroatien zu einem allgemeinen Informationsaustausch. Ziel des Besuches war es, eine m\u00f6gliche Kooperation auszuloten. Zustande gekommen war das internationale Medizinertreffen auf Initiative des Urologen und geb\u00fcrtigen Kroaten Dr. Tomislav Kalem, der seit vielen Jahren die Urologische Gemeinschaftspraxis am Krankenhaus Eichhof betreibt.<!--more--><\/p>\n<p>Der Fokus des Besuchs von Dermatologin und Verwaltungsdirektorin Dr. Sanja Jakelic und ihrem Kollegen, dem Facharzt f\u00fcr Urologe Dr. Mirnes Selimovic vom General Hospital Sibenik, eine Stadt an der Adriak\u00fcste n\u00f6rdlich von Split, lag auf dem Dialog mit Fachabteilungen am Krankenhaus Eichhof sowie dem Verwaltungsmanagement.<\/p>\n<p>Auf dem Programm standen zun\u00e4chst Visiten bei den Chef\u00e4rzten Dr. Norbert Sehn, An\u00e4sthesiologie und Intensivmedizin, Dr. Johannes Roth, Innere Medizin\/Gastroenterologie, und Tobias Pl\u00fccker, Innere Medizin\/Kardiologie, mit den Schwerpunktthemen ambulantes OP-Zentrum, Endoskopie, Herzkatheterlabor und Notaufnahme. Hier konnten sich die G\u00e4ste einen \u00dcberblick zu Behandlungsmethoden mit Einsatz moderner Medizintechnik verschaffen.<\/p>\n<p>Im Anschluss gaben Verwaltungsdirektor Dr. Christof Erdmann und Bereichsleiter Personal Berthold Remiger den G\u00e4sten Auskunft \u00fcber managementrelevante Themen in Bezug auf Verwaltung, Personal, Qualit\u00e4tsmanagement und Hygiene in deutschen Krankenh\u00e4usern. Zur Sprache kamen dabei auch die Unterschiede im Gesundheitswesen zwischen beiden L\u00e4ndern.<\/p>\n<p>\u201eDas Gesundheitswesen in Kroatien ist nach wie vor staatlich gesteuert. Es gibt keine niedergelassenen Fach\u00e4rzte und so kommt es auch, dass an einem Krankenhaus, wie in Sibenik 150 Spezialisten, 50 Assistenz\u00e4rzte, 400 Pflegekr\u00e4fte und weitere 300 Mitarbeiter aus Labor und Technik sowie aus den nicht medizinischen Bereichen ein 250-Betten-Haus mit einer Tagesklinik f\u00fcr 63 Patienten betreuen\u201c, machte Dr. Tomislav Kalem deutlich, der die kroatischen Kollegen fachlich, sprachlich und auch pers\u00f6nlich w\u00e4hrend ihres Aufenthalts begleitete. Verwaltungsdirektorin Dr. Sanja Jakelic hob hervor, dass es in Sibenik insgesamt 21 Fachabteilungen gebe, die Klinik mit insgesamt 8 Operationss\u00e4len wie ein Campus aufgebaut sei und Mitarbeiter f\u00fcr Qualit\u00e4tsmanagement und Hygienefachkr\u00e4fte g\u00e4nzlich fehlten. \u201eWir m\u00fcssen uns f\u00fcr die Zukunft r\u00fcsten und es ist wichtig, dass wir Informationen zu Management und Personal in anderen europ\u00e4ischen L\u00e4ndern sammeln. Die \u00e4hnlichen Strukturen von Deutschland und Kroatien im Hinblick auf andere Wirtschaftszweige machen den Erfahrungsaustausch mit dem Lauterbacher Krankenhaus f\u00fcr uns umso sinnvoller\u201c, erkl\u00e4rte Dr. Jakelic.<\/p>\n<p>Das best\u00e4tigte auch der Verwaltungsdirektor Dr. Christof Erdmann und verwies auf einen weiteren Aspekt. \u201eDer Fachkr\u00e4ftemangel in Deutschland stellt uns vor immer gr\u00f6\u00dfere Probleme im Gesundheitswesen. Dauerhaft kann es durchaus eine Option sein, wenn \u00e4rztliches und pflegerisches Personal aus Kroatien bereit ist, hier zu arbeiten. Dazu bedarf es im Vorfeld einer gemeinsamen Kooperation mit Hospitation von \u00c4rzten, gegenseitigen Praktika und einem aktiven Informationsaustausch\u201c, zeigte sich Dr. Erdmann \u00fcberzeugt. Die medizinische Versorgung von Patienten gleiche sich, Abwicklungen und Aufteilungen jedoch w\u00e4ren anders und man k\u00f6nne gegenseitig voneinander lernen und Synergien nutzen.<\/p>\n<p>Mit der \u00dcbergabe eines Bildbandes und einem Reisef\u00fchrer aus ihrem Heimatland an den Gastgeber dankten Dr. Sanja Jakelic und Dr. Mirnes Selimovic f\u00fcr die herzliche Aufnahme und umfangreiche Betreuung am Krankenhaus Eichhof.<\/p>\n","protected":false},"excerpt":{"rendered":"<div class=\"tmnf_excerpt\"><p>Verwaltung und Chef\u00e4rzte am Krankenhaus Eichhof begr\u00fc\u00dften im Oktober Arztkollegen aus Kroatien zu einem allgemeinen Informationsaustausch. Ziel des Besuches war es, eine m\u00f6gliche Kooperation auszuloten. Zustande gekommen war das internationale Medizinertreffen auf Initiative des Urologen und geb\u00fcrtigen Kroaten Dr. Tomislav Kalem, der seit vielen Jahren die Urologische Gemeinschaftspraxis am Krankenhaus Eichhof betreibt.<\/p>\n<\/div>","protected":false},"author":1,"featured_media":182562,"comment_status":"closed","ping_status":"closed","sticky":false,"template":"","format":"standard","meta":{"footnotes":""},"categories":[1],"tags":[],"class_list":["post-182561","post","type-post","status-publish","format-standard","has-post-thumbnail","hentry","category-startseite"],"_links":{"self":[{"href":"https:\/\/www.fuldaernachrichten.de\/index.php?rest_route=\/wp\/v2\/posts\/182561","targetHints":{"allow":["GET"]}}],"collection":[{"href":"https:\/\/www.fuldaernachrichten.de\/index.php?rest_route=\/wp\/v2\/posts"}],"about":[{"href":"https:\/\/www.fuldaernachrichten.de\/index.php?rest_route=\/wp\/v2\/types\/post"}],"author":[{"embeddable":true,"href":"https:\/\/www.fuldaernachrichten.de\/index.php?rest_route=\/wp\/v2\/users\/1"}],"replies":[{"embeddable":true,"href":"https:\/\/www.fuldaernachrichten.de\/index.php?rest_route=%2Fwp%2Fv2%2Fcomments&post=182561"}],"version-history":[{"count":1,"href":"https:\/\/www.fuldaernachrichten.de\/index.php?rest_route=\/wp\/v2\/posts\/182561\/revisions"}],"predecessor-version":[{"id":182563,"href":"https:\/\/www.fuldaernachrichten.de\/index.php?rest_route=\/wp\/v2\/posts\/182561\/revisions\/182563"}],"wp:featuredmedia":[{"embeddable":true,"href":"https:\/\/www.fuldaernachrichten.de\/index.php?rest_route=\/wp\/v2\/media\/182562"}],"wp:attachment":[{"href":"https:\/\/www.fuldaernachrichten.de\/index.php?rest_route=%2Fwp%2Fv2%2Fmedia&parent=182561"}],"wp:term":[{"taxonomy":"category","embeddable":true,"href":"https:\/\/www.fuldaernachrichten.de\/index.php?rest_route=%2Fwp%2Fv2%2Fcategories&post=182561"},{"taxonomy":"post_tag","embeddable":true,"href":"https:\/\/www.fuldaernachrichten.de\/index.php?rest_route=%2Fwp%2Fv2%2Ftags&post=182561"}],"curies":[{"name":"wp","href":"https:\/\/api.w.org\/{rel}","templated":true}]}}