{"id":182534,"date":"2019-10-26T09:32:02","date_gmt":"2019-10-26T07:32:02","guid":{"rendered":"http:\/\/fuldaer-nachrichten.de\/?p=182534"},"modified":"2019-10-26T09:32:02","modified_gmt":"2019-10-26T07:32:02","slug":"ein-buntes-potpourri-aus-texten-und-bildern","status":"publish","type":"post","link":"https:\/\/www.fuldaernachrichten.de\/?p=182534","title":{"rendered":"Ein buntes Potpourri aus Texten und Bildern"},"content":{"rendered":"<p><strong>Literaturwettbewerb \u201eIch und wir\u201c der Caritas-Behindertenhilfe: Im Beisein von Bischof<\/strong><br \/>\n<strong>Gerber Gewinner ausgezeichnet \u2013 Kalender 2020 mit Preistr\u00e4ger-Gedichten vorgestellt<br \/>\n<\/strong><br \/>\nGro\u00dfe Feier im Caf\u00e9 bunt.Werk in der Edelzeller Stra\u00dfe: Unter dem Motto \u201eIch und wir&#8221; hatte es aus Anlass von 50 Jahren Caritas-Werkst\u00e4tten Fulda im Sommer einen Literaturwettbwerb f\u00fcr alle Werkstattangeh\u00f6rigen und auch f\u00fcr die Menschen im Bereich der Caritas-Wohnbetreuung gegeben. Nun fand im Beisein des Fuldaer Bischofs Dr. Michael Gerber die Preisverleihung zu diesem Schreibwettbewerb statt.<!--more--><\/p>\n<p>Eine Jury mit Di\u00f6zesan-Caritasdirektor Dr. Markus Juch, Vorstandsmitglied Ansgar Erb, B\u00fcrgermeister Dag Wehner, dem Redakteur der Fuldaer Zeitung, Rainer Ickler sowie dem Vorsitzenden des Fuldaer Hochschulrats, Dr. Michael Imhof, hatte aus 40 Einreichungen zw\u00f6lf Texte ausgew\u00e4hlt. Gesammelt gibt es diese Texte nun in einem farbenfrohen Kalender f\u00fcr das Jahr 2020 \u201eIch und wir\u201c, der ab diesem Wochenende im Caritas-Laden am Dom, im Caf\u00e9 bunt.Werk und \u2013 sobald dieser er\u00f6ffnet ist \u2013 auch am Caritas-Stand auf dem diesj\u00e4hrigen Weihnachtsmarkt erh\u00e4ltlich ist. Der Kalender im Hochformat DIN A 3 kostet 14,90 Euro. W\u00e4hrend der Preisverleihung im Caf\u00e9 bunt.Werk gingen die ersten frisch gedruckten Kalender an Bischof Gerber und an die Gewinner des Wettbewerbes, die auch f\u00fcr die jeweiligen bunten Illustrationen ihrer Texte selbst gesorgt hatten. Der Bischof zeigte sich in einer launigen Ansprache sehr begeistert \u00fcber die sehr verschiedenen Gedichte und Texte, die sich aber alle um das \u201eIch als Teil des Wir\u201c drehten. Zudem erfreute der Bischof die Anwesenden mit einem eigenen kleinen Gedicht zum Wettbewerbsthema, das er spontan vortrug.<\/p>\n<p>Vorgelesen wurden die Siegerbeitr\u00e4ge im Wechsel von dem K\u00fcnstler Michael Bleuel und Charlene Toles, selbst Werkstattmitarbeiterin und als eine der Gewinnerinnen und Gewinner im Wettbewerb auch mit einem eigenen Text vertreten. F\u00fcr den musikalischen Rahmen sorgte Roland Sauer vom Duo \u201eChris and me\u201c, als Moderatoren f\u00fchrten Anja Heil vom Sozialen Dienst der Caritas-Werkst\u00e4tten, der Initiatorin des Literaturwettbewerbs, sowie Pressereferent Dr. Christian Scharf durch den Veranstaltungsnachmittag.<\/p>\n","protected":false},"excerpt":{"rendered":"<div class=\"tmnf_excerpt\"><p>Literaturwettbewerb \u201eIch und wir\u201c der Caritas-Behindertenhilfe: Im Beisein von Bischof Gerber Gewinner ausgezeichnet \u2013 Kalender 2020 mit Preistr\u00e4ger-Gedichten vorgestellt Gro\u00dfe Feier im Caf\u00e9 bunt.Werk in der Edelzeller Stra\u00dfe: Unter dem Motto \u201eIch und wir&#8221; hatte es aus Anlass von 50 Jahren Caritas-Werkst\u00e4tten Fulda im Sommer einen Literaturwettbwerb f\u00fcr alle Werkstattangeh\u00f6rigen und auch f\u00fcr die Menschen &hellip;<\/p>\n<\/div>","protected":false},"author":1,"featured_media":182535,"comment_status":"closed","ping_status":"closed","sticky":false,"template":"","format":"standard","meta":{"footnotes":""},"categories":[1],"tags":[],"class_list":["post-182534","post","type-post","status-publish","format-standard","has-post-thumbnail","hentry","category-startseite"],"_links":{"self":[{"href":"https:\/\/www.fuldaernachrichten.de\/index.php?rest_route=\/wp\/v2\/posts\/182534","targetHints":{"allow":["GET"]}}],"collection":[{"href":"https:\/\/www.fuldaernachrichten.de\/index.php?rest_route=\/wp\/v2\/posts"}],"about":[{"href":"https:\/\/www.fuldaernachrichten.de\/index.php?rest_route=\/wp\/v2\/types\/post"}],"author":[{"embeddable":true,"href":"https:\/\/www.fuldaernachrichten.de\/index.php?rest_route=\/wp\/v2\/users\/1"}],"replies":[{"embeddable":true,"href":"https:\/\/www.fuldaernachrichten.de\/index.php?rest_route=%2Fwp%2Fv2%2Fcomments&post=182534"}],"version-history":[{"count":1,"href":"https:\/\/www.fuldaernachrichten.de\/index.php?rest_route=\/wp\/v2\/posts\/182534\/revisions"}],"predecessor-version":[{"id":182536,"href":"https:\/\/www.fuldaernachrichten.de\/index.php?rest_route=\/wp\/v2\/posts\/182534\/revisions\/182536"}],"wp:featuredmedia":[{"embeddable":true,"href":"https:\/\/www.fuldaernachrichten.de\/index.php?rest_route=\/wp\/v2\/media\/182535"}],"wp:attachment":[{"href":"https:\/\/www.fuldaernachrichten.de\/index.php?rest_route=%2Fwp%2Fv2%2Fmedia&parent=182534"}],"wp:term":[{"taxonomy":"category","embeddable":true,"href":"https:\/\/www.fuldaernachrichten.de\/index.php?rest_route=%2Fwp%2Fv2%2Fcategories&post=182534"},{"taxonomy":"post_tag","embeddable":true,"href":"https:\/\/www.fuldaernachrichten.de\/index.php?rest_route=%2Fwp%2Fv2%2Ftags&post=182534"}],"curies":[{"name":"wp","href":"https:\/\/api.w.org\/{rel}","templated":true}]}}