{"id":182524,"date":"2019-10-26T09:20:48","date_gmt":"2019-10-26T07:20:48","guid":{"rendered":"http:\/\/fuldaer-nachrichten.de\/?p=182524"},"modified":"2019-10-26T09:20:48","modified_gmt":"2019-10-26T07:20:48","slug":"tegut-dankt-mitarbeitenden-fuer-engagement-und-vertrauen-87-jubilare-wurden-geehrt","status":"publish","type":"post","link":"https:\/\/www.fuldaernachrichten.de\/?p=182524","title":{"rendered":"tegut\u00e2\u20ac\u00a6 dankt Mitarbeitenden f\u00fcr Engagement und Vertrauen 87 Jubilare wurden geehrt"},"content":{"rendered":"<p>Der tegut\u00e2\u20ac\u00a6 Gesch\u00e4ftsleitung war es eine gro\u00dfe Freude in diesem Jahr 73 Jubilare f\u00fcr 25 und 14 Jubilare f\u00fcr 40 Jahre Betriebszugeh\u00f6rigkeit zu ehren. Auf insgesamt 2.385 Arbeitsjahre summiert sich der Einsatz der 87 Mitarbeitenden aus der Zentrale, den Superm\u00e4rkten und der Logistik des Fuldaer Unternehmens tegut\u00e2\u20ac\u00a6 gute Lebensmittel sowie der Herzberger B\u00e4ckerei. Die j\u00e4hrliche Feier ist ein Kulturbaustein bei tegut\u00e2\u20ac\u00a6 im Sinne einer sch\u00f6pferischen Pause f\u00fcr die Mitarbeitenden, um sich im R\u00fcckblick auf das in den vergangenen Jahren geleistete zu besinnen und um Kraft zu tanken f\u00fcr die Zukunft.<!--more--><\/p>\n<p><strong>Zeichen von Vertrauen und guter Leistung<\/strong><br \/>\nKarl-Heinz Brand, Leiter Personelles und Mitglied der tegut\u00e2\u20ac\u00a6 Gesch\u00e4ftsleitung, begr\u00fc\u00dfte die Jubilare im Morgensternhaus in Fulda. Gemeinsam mit dem Betriebsratsvorsitzenden G\u00fcnter Ledermann blickte er auf die Zeit der Unternehmensgr\u00fcndung bis heute bei tegut\u00e2\u20ac\u00a6 zur\u00fcck. \u201eWir sind sehr erfreut, dass wir Sie im Unternehmen haben. Sie sind St\u00fctzpfeiler des Unternehmens und Vorbild f\u00fcr die jungen Mitarbeitenden\u201c, so Brand. Die Dienstjahre und langj\u00e4hrige Treue der Jubilare zum Unternehmen seien ein Zeichen von gegenseitigem Vertrauen. \u201eUnd wer so lange im Unternehmen t\u00e4tig ist, leistet sehr gute Arbeit, so dass wir nicht nur die Treue sondern auch das Engagement und die Qualit\u00e4t der Arbeit heute ehren, so Brand weiter. Betriebsratsvorsitzender G\u00fcnter Ledermann w\u00fcrdigte in seinen Gru\u00dfworten den Willen der Mitarbeitenden, sich lernend mit der Welt auseinanderzusetzen, denn nur so war und ist es den Jubilaren m\u00f6glich, den sich st\u00e4ndig wandelnden Herausforderungen des Handels gerecht zu werden. tegut\u00e2\u20ac\u00a6 Gesch\u00e4ftsf\u00fchrer Thomas Gutberlet dankte den Jubilaren f\u00fcr ihr Engagement und gab ihnen einen \u00dcberblick \u00fcber die aktuellen Themen und Projekte des H\u00e4ndlers, \u00fcber die Erfolge der vergangenen Jahre und vor allem einen Ausblick auf die Entwicklung und das weitere Wachstum von tegut\u00e2\u20ac\u00a6 .<\/p>\n<p><strong>\u201etegutianer\u201c in den Ruhestand verabschiedet<\/strong><br \/>\nIm Rahmen der Feier wurden au\u00dferdem neun langj\u00e4hrige Mitarbeitende verabschiedet. \u201eIhnen danken wir f\u00fcr die langj\u00e4hrige Treue und Loyalit\u00e4t. F\u00fcr die Zukunft w\u00fcnschen wir uns, dass Sie unserer Arbeitsgemeinschaft weiter verbunden bleiben\u201c, gab ihnen Karl-Heinz Brand mit auf den Weg. Hermann Vogt, Gesch\u00e4ftsf\u00fchrer der Industrie- und Handelskammer Fulda, \u00fcbermittelte allen Beteiligten die Gl\u00fcckw\u00fcnsche der IHK Fulda und ging in seiner Ansprache darauf an, \u00fcber welche Nicht-Selbstverst\u00e4ndlichkeiten wie Tarifgehalt, Urlaubs- und Weihnachtsgeld, p\u00fcnktliche Gehaltszahlungen usw. die Jubilare sich freuen d\u00fcrfen. Anschlie\u00dfend \u00fcberreichte er gemeinsam mit Karl-Heinz Brand und Thomas Gutberlet die Urkunden zu den Arbeitsjubil\u00e4en und einen Blumenstrau\u00df. F\u00fcr die Ruhest\u00e4ndler gab einen Wanderrucksack gef\u00fcllt mit guten Lebensmitteln.<\/p>\n","protected":false},"excerpt":{"rendered":"<div class=\"tmnf_excerpt\"><p>Der tegut\u00e2\u20ac\u00a6 Gesch\u00e4ftsleitung war es eine gro\u00dfe Freude in diesem Jahr 73 Jubilare f\u00fcr 25 und 14 Jubilare f\u00fcr 40 Jahre Betriebszugeh\u00f6rigkeit zu ehren. Auf insgesamt 2.385 Arbeitsjahre summiert sich der Einsatz der 87 Mitarbeitenden aus der Zentrale, den Superm\u00e4rkten und der Logistik des Fuldaer Unternehmens tegut\u00e2\u20ac\u00a6 gute Lebensmittel sowie der Herzberger B\u00e4ckerei. Die j\u00e4hrliche &hellip;<\/p>\n<\/div>","protected":false},"author":1,"featured_media":182525,"comment_status":"closed","ping_status":"closed","sticky":false,"template":"","format":"standard","meta":{"footnotes":""},"categories":[1],"tags":[],"class_list":["post-182524","post","type-post","status-publish","format-standard","has-post-thumbnail","hentry","category-startseite"],"_links":{"self":[{"href":"https:\/\/www.fuldaernachrichten.de\/index.php?rest_route=\/wp\/v2\/posts\/182524","targetHints":{"allow":["GET"]}}],"collection":[{"href":"https:\/\/www.fuldaernachrichten.de\/index.php?rest_route=\/wp\/v2\/posts"}],"about":[{"href":"https:\/\/www.fuldaernachrichten.de\/index.php?rest_route=\/wp\/v2\/types\/post"}],"author":[{"embeddable":true,"href":"https:\/\/www.fuldaernachrichten.de\/index.php?rest_route=\/wp\/v2\/users\/1"}],"replies":[{"embeddable":true,"href":"https:\/\/www.fuldaernachrichten.de\/index.php?rest_route=%2Fwp%2Fv2%2Fcomments&post=182524"}],"version-history":[{"count":1,"href":"https:\/\/www.fuldaernachrichten.de\/index.php?rest_route=\/wp\/v2\/posts\/182524\/revisions"}],"predecessor-version":[{"id":182526,"href":"https:\/\/www.fuldaernachrichten.de\/index.php?rest_route=\/wp\/v2\/posts\/182524\/revisions\/182526"}],"wp:featuredmedia":[{"embeddable":true,"href":"https:\/\/www.fuldaernachrichten.de\/index.php?rest_route=\/wp\/v2\/media\/182525"}],"wp:attachment":[{"href":"https:\/\/www.fuldaernachrichten.de\/index.php?rest_route=%2Fwp%2Fv2%2Fmedia&parent=182524"}],"wp:term":[{"taxonomy":"category","embeddable":true,"href":"https:\/\/www.fuldaernachrichten.de\/index.php?rest_route=%2Fwp%2Fv2%2Fcategories&post=182524"},{"taxonomy":"post_tag","embeddable":true,"href":"https:\/\/www.fuldaernachrichten.de\/index.php?rest_route=%2Fwp%2Fv2%2Ftags&post=182524"}],"curies":[{"name":"wp","href":"https:\/\/api.w.org\/{rel}","templated":true}]}}