{"id":182520,"date":"2019-10-26T09:16:46","date_gmt":"2019-10-26T07:16:46","guid":{"rendered":"http:\/\/fuldaer-nachrichten.de\/?p=182520"},"modified":"2019-10-26T09:16:46","modified_gmt":"2019-10-26T07:16:46","slug":"stadtbaeume-im-klimawandel-neue-baeume-braucht-das-land","status":"publish","type":"post","link":"https:\/\/www.fuldaernachrichten.de\/?p=182520","title":{"rendered":"Stadtb\u00e4ume im Klimawandel Neue B\u00e4ume braucht das Land!"},"content":{"rendered":"<p>Zum Thema Stadtb\u00e4ume im Klimawandel werden am 08.11.2019 von 14:00 bis 16:00 Uhr im Umweltzentrum Fulda die vorl\u00e4ufigen Ergebnisse eine mehrj\u00e4hrigen Forschungsprojektes vorgestellt.<br \/>\nVerantwortliche und Fachkr\u00e4fte f\u00fcr B\u00e4ume im Siedlungsraum, sowie Interessierte werden durch die Projektleiterin Dr. Susanne B\u00f6ll \u00fcber Untersuchungen zu klimastress-toleranten Stra\u00dfenb\u00e4umen informiert. Die Bayrische Landesanstalt f\u00fcr Gartenbau Veichtsh\u00f6chheim untersucht hierzu seit 2010 zwanzig zukunftstr\u00e4chtige Baumarten\/ -sorten mit insgesamt 460 B\u00e4umen. <!--more--><\/p>\n<p>Einige der klassischen Stadtbaumarten leiden schon heute stark unter den zunehmend w\u00e4rmeren und trockenen Sommern sowie unter neu eingewanderten Sch\u00e4dlingen und Erkrankungen, so dass sie an einigen Standorten den prognostizierten klimatischen Anforderungen in Zukunft nicht mehr gewachsen sein werden. Anmeldungen sind erbeten unter 0661-970 9790 oder kontakt@umweltzentrum-fulda.de<\/p>\n","protected":false},"excerpt":{"rendered":"<div class=\"tmnf_excerpt\"><p>Zum Thema Stadtb\u00e4ume im Klimawandel werden am 08.11.2019 von 14:00 bis 16:00 Uhr im Umweltzentrum Fulda die vorl\u00e4ufigen Ergebnisse eine mehrj\u00e4hrigen Forschungsprojektes vorgestellt. Verantwortliche und Fachkr\u00e4fte f\u00fcr B\u00e4ume im Siedlungsraum, sowie Interessierte werden durch die Projektleiterin Dr. Susanne B\u00f6ll \u00fcber Untersuchungen zu klimastress-toleranten Stra\u00dfenb\u00e4umen informiert. Die Bayrische Landesanstalt f\u00fcr Gartenbau Veichtsh\u00f6chheim untersucht hierzu seit 2010 &hellip;<\/p>\n<\/div>","protected":false},"author":1,"featured_media":0,"comment_status":"closed","ping_status":"closed","sticky":false,"template":"","format":"standard","meta":{"footnotes":""},"categories":[1],"tags":[],"class_list":["post-182520","post","type-post","status-publish","format-standard","hentry","category-startseite"],"_links":{"self":[{"href":"https:\/\/www.fuldaernachrichten.de\/index.php?rest_route=\/wp\/v2\/posts\/182520","targetHints":{"allow":["GET"]}}],"collection":[{"href":"https:\/\/www.fuldaernachrichten.de\/index.php?rest_route=\/wp\/v2\/posts"}],"about":[{"href":"https:\/\/www.fuldaernachrichten.de\/index.php?rest_route=\/wp\/v2\/types\/post"}],"author":[{"embeddable":true,"href":"https:\/\/www.fuldaernachrichten.de\/index.php?rest_route=\/wp\/v2\/users\/1"}],"replies":[{"embeddable":true,"href":"https:\/\/www.fuldaernachrichten.de\/index.php?rest_route=%2Fwp%2Fv2%2Fcomments&post=182520"}],"version-history":[{"count":1,"href":"https:\/\/www.fuldaernachrichten.de\/index.php?rest_route=\/wp\/v2\/posts\/182520\/revisions"}],"predecessor-version":[{"id":182521,"href":"https:\/\/www.fuldaernachrichten.de\/index.php?rest_route=\/wp\/v2\/posts\/182520\/revisions\/182521"}],"wp:attachment":[{"href":"https:\/\/www.fuldaernachrichten.de\/index.php?rest_route=%2Fwp%2Fv2%2Fmedia&parent=182520"}],"wp:term":[{"taxonomy":"category","embeddable":true,"href":"https:\/\/www.fuldaernachrichten.de\/index.php?rest_route=%2Fwp%2Fv2%2Fcategories&post=182520"},{"taxonomy":"post_tag","embeddable":true,"href":"https:\/\/www.fuldaernachrichten.de\/index.php?rest_route=%2Fwp%2Fv2%2Ftags&post=182520"}],"curies":[{"name":"wp","href":"https:\/\/api.w.org\/{rel}","templated":true}]}}