{"id":18252,"date":"2008-12-27T04:45:16","date_gmt":"2008-12-27T03:45:16","guid":{"rendered":"http:\/\/www.schoene-nachrichten.de\/?p=18252"},"modified":"2008-12-25T04:47:33","modified_gmt":"2008-12-25T03:47:33","slug":"sieben-leben-kinostart-08012009","status":"publish","type":"post","link":"https:\/\/www.fuldaernachrichten.de\/?p=18252","title":{"rendered":"Sieben Leben &#8211; Kinostart: 08.01.2009"},"content":{"rendered":"<p><strong><a href=\"http:\/\/www.schoene-nachrichten.de\/wp-content\/uploads\/2008\/12\/081225_will.jpg\"><img decoding=\"async\" class=\"alignleft size-medium wp-image-18253\" title=\"081225_will\" src=\"http:\/\/www.schoene-nachrichten.de\/wp-content\/uploads\/2008\/12\/081225_will-265x176.jpg\" alt=\"081225_will\" width=\"265\" height=\"176\" srcset=\"https:\/\/www.fuldaernachrichten.de\/wp-content\/uploads\/2008\/12\/081225_will-265x176.jpg 265w, https:\/\/www.fuldaernachrichten.de\/wp-content\/uploads\/2008\/12\/081225_will.jpg 700w\" sizes=\"(max-width: 265px) 100vw, 265px\" \/><\/a>Kino. <\/strong>Dem von Selbstzweifeln geplagte Ben Thomas (Will Smith) umgibt ein schicksalhaftes Geheimnis: Er bricht auf zu einer au\u00dfergew\u00f6hnlichen Reise, auf der Suche nach Wiedergutmachung &#8211; an deren Ende sich sein Leben und das von sieben Fremden f\u00fcr immer ver\u00e4ndern wird.<\/p>\n","protected":false},"excerpt":{"rendered":"<div class=\"tmnf_excerpt\"><p>Kino. Dem von Selbstzweifeln geplagte Ben Thomas (Will Smith) umgibt ein schicksalhaftes Geheimnis: Er bricht auf zu einer au\u00dfergew\u00f6hnlichen Reise, auf der Suche nach Wiedergutmachung &#8211; an deren Ende sich sein Leben und das von sieben Fremden f\u00fcr immer ver\u00e4ndern wird.<\/p>\n<\/div>","protected":false},"author":1,"featured_media":0,"comment_status":"closed","ping_status":"closed","sticky":false,"template":"","format":"standard","meta":{"footnotes":""},"categories":[1,79],"tags":[],"class_list":["post-18252","post","type-post","status-publish","format-standard","hentry","category-startseite","category-kino"],"_links":{"self":[{"href":"https:\/\/www.fuldaernachrichten.de\/index.php?rest_route=\/wp\/v2\/posts\/18252","targetHints":{"allow":["GET"]}}],"collection":[{"href":"https:\/\/www.fuldaernachrichten.de\/index.php?rest_route=\/wp\/v2\/posts"}],"about":[{"href":"https:\/\/www.fuldaernachrichten.de\/index.php?rest_route=\/wp\/v2\/types\/post"}],"author":[{"embeddable":true,"href":"https:\/\/www.fuldaernachrichten.de\/index.php?rest_route=\/wp\/v2\/users\/1"}],"replies":[{"embeddable":true,"href":"https:\/\/www.fuldaernachrichten.de\/index.php?rest_route=%2Fwp%2Fv2%2Fcomments&post=18252"}],"version-history":[{"count":2,"href":"https:\/\/www.fuldaernachrichten.de\/index.php?rest_route=\/wp\/v2\/posts\/18252\/revisions"}],"predecessor-version":[{"id":18255,"href":"https:\/\/www.fuldaernachrichten.de\/index.php?rest_route=\/wp\/v2\/posts\/18252\/revisions\/18255"}],"wp:attachment":[{"href":"https:\/\/www.fuldaernachrichten.de\/index.php?rest_route=%2Fwp%2Fv2%2Fmedia&parent=18252"}],"wp:term":[{"taxonomy":"category","embeddable":true,"href":"https:\/\/www.fuldaernachrichten.de\/index.php?rest_route=%2Fwp%2Fv2%2Fcategories&post=18252"},{"taxonomy":"post_tag","embeddable":true,"href":"https:\/\/www.fuldaernachrichten.de\/index.php?rest_route=%2Fwp%2Fv2%2Ftags&post=18252"}],"curies":[{"name":"wp","href":"https:\/\/api.w.org\/{rel}","templated":true}]}}