{"id":182502,"date":"2019-10-25T20:59:20","date_gmt":"2019-10-25T18:59:20","guid":{"rendered":"http:\/\/fuldaer-nachrichten.de\/?p=182502"},"modified":"2019-10-25T20:59:20","modified_gmt":"2019-10-25T18:59:20","slug":"sonntagsmatinee-im-klinikum-fulda-traditionelle-festmusik-aus-osteuropa-am-klinikum-fulda","status":"publish","type":"post","link":"https:\/\/www.fuldaernachrichten.de\/?p=182502","title":{"rendered":"Sonntagsmatinee im Klinikum Fulda &#8211; Traditionelle Festmusik aus Osteuropa am Klinikum Fulda"},"content":{"rendered":"<p>Am Sonntag, den 03.11.2019 von 10.00 \u2013 12.00 wird das Sonntagsfr\u00fchst\u00fcck der B\u00e4ckerei Happ sehr rhythmisch. Die Band Yerlos Vej der St\u00e4dtischen Musikschule Fulda pr\u00e4sentiert ein au\u00dfergew\u00f6hnliches Klangerlebnis.<br \/>\nYerlos Vej spielt traditionelle Tanz, Feier- und Tafelmusik, die ihren Ursprung in Osteuropa und auf dem Balkan hat. Das Repertoire reicht vom schnellen Bulgar \u00fcber den heiteren Freylekhs zum lyrischen Nigun, f\u00fchrt vom Walzer zum mitrei\u00dfenden Khusidl. Diese abwechslungsreiche und zeitgen\u00f6ssische Instrumentierung bietet ein au\u00dfergew\u00f6hnliches und spannendes Klangerlebnis, dass Sie auf keinen Fall verpassen sollten. Die f\u00fcnf Musiker*innen des Ensembles sind seit Jahren in diesem au\u00dfergew\u00f6hnlichen Genre Zuhause. <!--more--><\/p>\n<p>Genie\u00dfen Sie ein leckeres Sonntagsfr\u00fchst\u00fcck bei ausdrucksstarker Musik. Alle Patienten, Angeh\u00f6rige und Besucher sind herzlich eingeladen.<\/p>\n<p>Der Eintritt ist kostenfrei.<\/p>\n","protected":false},"excerpt":{"rendered":"<div class=\"tmnf_excerpt\"><p>Am Sonntag, den 03.11.2019 von 10.00 \u2013 12.00 wird das Sonntagsfr\u00fchst\u00fcck der B\u00e4ckerei Happ sehr rhythmisch. Die Band Yerlos Vej der St\u00e4dtischen Musikschule Fulda pr\u00e4sentiert ein au\u00dfergew\u00f6hnliches Klangerlebnis. Yerlos Vej spielt traditionelle Tanz, Feier- und Tafelmusik, die ihren Ursprung in Osteuropa und auf dem Balkan hat. Das Repertoire reicht vom schnellen Bulgar \u00fcber den heiteren &hellip;<\/p>\n<\/div>","protected":false},"author":1,"featured_media":182503,"comment_status":"closed","ping_status":"closed","sticky":false,"template":"","format":"standard","meta":{"footnotes":""},"categories":[1],"tags":[],"class_list":["post-182502","post","type-post","status-publish","format-standard","has-post-thumbnail","hentry","category-startseite"],"_links":{"self":[{"href":"https:\/\/www.fuldaernachrichten.de\/index.php?rest_route=\/wp\/v2\/posts\/182502","targetHints":{"allow":["GET"]}}],"collection":[{"href":"https:\/\/www.fuldaernachrichten.de\/index.php?rest_route=\/wp\/v2\/posts"}],"about":[{"href":"https:\/\/www.fuldaernachrichten.de\/index.php?rest_route=\/wp\/v2\/types\/post"}],"author":[{"embeddable":true,"href":"https:\/\/www.fuldaernachrichten.de\/index.php?rest_route=\/wp\/v2\/users\/1"}],"replies":[{"embeddable":true,"href":"https:\/\/www.fuldaernachrichten.de\/index.php?rest_route=%2Fwp%2Fv2%2Fcomments&post=182502"}],"version-history":[{"count":2,"href":"https:\/\/www.fuldaernachrichten.de\/index.php?rest_route=\/wp\/v2\/posts\/182502\/revisions"}],"predecessor-version":[{"id":182505,"href":"https:\/\/www.fuldaernachrichten.de\/index.php?rest_route=\/wp\/v2\/posts\/182502\/revisions\/182505"}],"wp:featuredmedia":[{"embeddable":true,"href":"https:\/\/www.fuldaernachrichten.de\/index.php?rest_route=\/wp\/v2\/media\/182503"}],"wp:attachment":[{"href":"https:\/\/www.fuldaernachrichten.de\/index.php?rest_route=%2Fwp%2Fv2%2Fmedia&parent=182502"}],"wp:term":[{"taxonomy":"category","embeddable":true,"href":"https:\/\/www.fuldaernachrichten.de\/index.php?rest_route=%2Fwp%2Fv2%2Fcategories&post=182502"},{"taxonomy":"post_tag","embeddable":true,"href":"https:\/\/www.fuldaernachrichten.de\/index.php?rest_route=%2Fwp%2Fv2%2Ftags&post=182502"}],"curies":[{"name":"wp","href":"https:\/\/api.w.org\/{rel}","templated":true}]}}