{"id":182495,"date":"2019-10-24T21:17:19","date_gmt":"2019-10-24T19:17:19","guid":{"rendered":"http:\/\/fuldaer-nachrichten.de\/?p=182495"},"modified":"2019-10-24T21:17:19","modified_gmt":"2019-10-24T19:17:19","slug":"veranstaltungshinweis-besichtigung-der-heilig-geist-kirche","status":"publish","type":"post","link":"https:\/\/www.fuldaernachrichten.de\/?p=182495","title":{"rendered":"Veranstaltungshinweis &#8211; Besichtigung der Heilig Geist Kirche"},"content":{"rendered":"<p>Die 1729 bis 1733 von Andreas Gallasini erbaute Hospitalkirche Heilig Geist ger\u00e4t aufgrund ihrer Lage in der Unterstadt Fuldas oftmals aus dem Blickfeld. Dabei erstrahlt sie seit ihrer Renovierung wieder in ihrem barocken Glanz. Eine einst\u00fcndige F\u00fchrung unter Leitung von Karl-Heinz Herbst veranstaltet die St\u00e4dtische Volkshochschule am Dienstag, 29.10. um 14.30 Uhr. Treffpunkt ist am Simpliciusbrunnen, gegen\u00fcber der Heilig-Geist-Kirche. Auskunft und Anmeldung \u00fcber die vhs-Gesch\u00e4ftsstelle, Unterm Hl. Kreuz 1, Telefon 0661\/102-1477 oder &#8211; 1474.<\/p>\n","protected":false},"excerpt":{"rendered":"<div class=\"tmnf_excerpt\"><p>Die 1729 bis 1733 von Andreas Gallasini erbaute Hospitalkirche Heilig Geist ger\u00e4t aufgrund ihrer Lage in der Unterstadt Fuldas oftmals aus dem Blickfeld. Dabei erstrahlt sie seit ihrer Renovierung wieder in ihrem barocken Glanz. Eine einst\u00fcndige F\u00fchrung unter Leitung von Karl-Heinz Herbst veranstaltet die St\u00e4dtische Volkshochschule am Dienstag, 29.10. um 14.30 Uhr. Treffpunkt ist am &hellip;<\/p>\n<\/div>","protected":false},"author":1,"featured_media":0,"comment_status":"closed","ping_status":"closed","sticky":false,"template":"","format":"standard","meta":{"footnotes":""},"categories":[1],"tags":[],"class_list":["post-182495","post","type-post","status-publish","format-standard","hentry","category-startseite"],"_links":{"self":[{"href":"https:\/\/www.fuldaernachrichten.de\/index.php?rest_route=\/wp\/v2\/posts\/182495","targetHints":{"allow":["GET"]}}],"collection":[{"href":"https:\/\/www.fuldaernachrichten.de\/index.php?rest_route=\/wp\/v2\/posts"}],"about":[{"href":"https:\/\/www.fuldaernachrichten.de\/index.php?rest_route=\/wp\/v2\/types\/post"}],"author":[{"embeddable":true,"href":"https:\/\/www.fuldaernachrichten.de\/index.php?rest_route=\/wp\/v2\/users\/1"}],"replies":[{"embeddable":true,"href":"https:\/\/www.fuldaernachrichten.de\/index.php?rest_route=%2Fwp%2Fv2%2Fcomments&post=182495"}],"version-history":[{"count":1,"href":"https:\/\/www.fuldaernachrichten.de\/index.php?rest_route=\/wp\/v2\/posts\/182495\/revisions"}],"predecessor-version":[{"id":182496,"href":"https:\/\/www.fuldaernachrichten.de\/index.php?rest_route=\/wp\/v2\/posts\/182495\/revisions\/182496"}],"wp:attachment":[{"href":"https:\/\/www.fuldaernachrichten.de\/index.php?rest_route=%2Fwp%2Fv2%2Fmedia&parent=182495"}],"wp:term":[{"taxonomy":"category","embeddable":true,"href":"https:\/\/www.fuldaernachrichten.de\/index.php?rest_route=%2Fwp%2Fv2%2Fcategories&post=182495"},{"taxonomy":"post_tag","embeddable":true,"href":"https:\/\/www.fuldaernachrichten.de\/index.php?rest_route=%2Fwp%2Fv2%2Ftags&post=182495"}],"curies":[{"name":"wp","href":"https:\/\/api.w.org\/{rel}","templated":true}]}}