{"id":182491,"date":"2019-10-24T21:10:38","date_gmt":"2019-10-24T19:10:38","guid":{"rendered":"http:\/\/fuldaer-nachrichten.de\/?p=182491"},"modified":"2019-10-24T21:10:38","modified_gmt":"2019-10-24T19:10:38","slug":"veranstaltungshinweis-vom-hundeprinzen-zur-mutter-von-20-kindern-friedhofsfuehrung-ueber-den-alten-friedhof-am-franzosenwaeldchen","status":"publish","type":"post","link":"https:\/\/www.fuldaernachrichten.de\/?p=182491","title":{"rendered":"Veranstaltungshinweis &#8211; Vom Hundeprinzen zur Mutter von 20 Kindern &#8211; Friedhofsf\u00fchrung \u00fcber den Alten Friedhof am Franzosenw\u00e4ldchen"},"content":{"rendered":"<p>Eine F\u00fchrung \u00fcber den Alten Friedhof am Franzosenw\u00e4ldchen bietet die vhs der Stadt Fulda am Samstag, 26.10., 14.00 Uhr an. Ein Friedhof ist nicht nur ein Ort der Trauer und des Gedenkens an die Toten; tats\u00e4chlich zeigt er auch Kultur-, Kunst- und Zeitgeschichte aus ungewohnter Perspektive. Der Alte Friedhof enth\u00e4lt viele historische Grabmale. Der Rundgang f\u00fchrt zu Grabst\u00e4tten bekannter Fuldaer B\u00fcrgerinnen und B\u00fcrger und zu prunkvollen Monumenten. Treffpunkt:  Parkplatz Franzosenw\u00e4ldchen<\/p>\n","protected":false},"excerpt":{"rendered":"<div class=\"tmnf_excerpt\"><p>Eine F\u00fchrung \u00fcber den Alten Friedhof am Franzosenw\u00e4ldchen bietet die vhs der Stadt Fulda am Samstag, 26.10., 14.00 Uhr an. Ein Friedhof ist nicht nur ein Ort der Trauer und des Gedenkens an die Toten; tats\u00e4chlich zeigt er auch Kultur-, Kunst- und Zeitgeschichte aus ungewohnter Perspektive. Der Alte Friedhof enth\u00e4lt viele historische Grabmale. Der Rundgang &hellip;<\/p>\n<\/div>","protected":false},"author":1,"featured_media":0,"comment_status":"closed","ping_status":"closed","sticky":false,"template":"","format":"standard","meta":{"footnotes":""},"categories":[1],"tags":[],"class_list":["post-182491","post","type-post","status-publish","format-standard","hentry","category-startseite"],"_links":{"self":[{"href":"https:\/\/www.fuldaernachrichten.de\/index.php?rest_route=\/wp\/v2\/posts\/182491","targetHints":{"allow":["GET"]}}],"collection":[{"href":"https:\/\/www.fuldaernachrichten.de\/index.php?rest_route=\/wp\/v2\/posts"}],"about":[{"href":"https:\/\/www.fuldaernachrichten.de\/index.php?rest_route=\/wp\/v2\/types\/post"}],"author":[{"embeddable":true,"href":"https:\/\/www.fuldaernachrichten.de\/index.php?rest_route=\/wp\/v2\/users\/1"}],"replies":[{"embeddable":true,"href":"https:\/\/www.fuldaernachrichten.de\/index.php?rest_route=%2Fwp%2Fv2%2Fcomments&post=182491"}],"version-history":[{"count":1,"href":"https:\/\/www.fuldaernachrichten.de\/index.php?rest_route=\/wp\/v2\/posts\/182491\/revisions"}],"predecessor-version":[{"id":182492,"href":"https:\/\/www.fuldaernachrichten.de\/index.php?rest_route=\/wp\/v2\/posts\/182491\/revisions\/182492"}],"wp:attachment":[{"href":"https:\/\/www.fuldaernachrichten.de\/index.php?rest_route=%2Fwp%2Fv2%2Fmedia&parent=182491"}],"wp:term":[{"taxonomy":"category","embeddable":true,"href":"https:\/\/www.fuldaernachrichten.de\/index.php?rest_route=%2Fwp%2Fv2%2Fcategories&post=182491"},{"taxonomy":"post_tag","embeddable":true,"href":"https:\/\/www.fuldaernachrichten.de\/index.php?rest_route=%2Fwp%2Fv2%2Ftags&post=182491"}],"curies":[{"name":"wp","href":"https:\/\/api.w.org\/{rel}","templated":true}]}}