{"id":182479,"date":"2019-10-24T20:52:51","date_gmt":"2019-10-24T18:52:51","guid":{"rendered":"http:\/\/fuldaer-nachrichten.de\/?p=182479"},"modified":"2019-10-24T20:53:21","modified_gmt":"2019-10-24T18:53:21","slug":"promillegrenzen-fuer-e-scooter-verbraucherfrage-der-woche-der-ergo-rechtsschutz-leistungs-gmbh","status":"publish","type":"post","link":"https:\/\/www.fuldaernachrichten.de\/?p=182479","title":{"rendered":"Promillegrenzen f\u00fcr E-Scooter? &#8211; Verbraucherfrage der Woche der ERGO Rechtsschutz Leistungs-GmbH"},"content":{"rendered":"<p><strong>Auf unserem n\u00e4chsten St\u00e4dtetrip wollen wir uns E-Scooter leihen. Wenn wir abends Alkohol trinken, d\u00fcrfen wir dann noch mit dem Roller zur\u00fcck zur Unterkunft fahren?<\/strong><!--more--><\/p>\n<p><strong>Michaela Rassat, Juristin der ERGO Rechtsschutz Leistungs-GmbH:<\/strong><br \/>\nDie Promillegrenzen f\u00fcr Fahrer von Elektrorollern entsprechen denen beim Auto. Ab 0,5 Promille liegt eine Ordnungswidrigkeit vor: Fahrer m\u00fcssen dann mit einem Bu\u00dfgeld von 500 Euro, zwei Punkten in Flensburg und einem Monat Fahrverbot rechnen. Wer mit mindestens 1,1 Promille Blutalkohol auf dem E-Roller unterwegs ist, begeht wegen \u201eTrunkenheit im Verkehr\u201c sogar eine Straftat. Hier droht eine Geld- oder gar eine Freiheitsstrafe von bis zu einem Jahr. Zudem m\u00fcssen Betroffene damit rechnen, ihre Fahrerlaubnis zu verlieren \u2013 so wie es zum Beispiel 254 betrunkenen E-Scooter-Fahrern auf dem M\u00fcnchner Oktoberfest passiert ist. Dies ist auch bei einem Wert ab 0,3 Promille der Fall, wenn der Fahrer Ausfallerscheinungen zeigt und zum Beispiel Schlangenlinien f\u00e4hrt. Im Wiederholungsfall oder ab 1,6 Promille ist die Anordnung einer MPU, einer Medizinisch-Psychologischen Untersuchung, \u00fcblich. Diese kann es deutlich erschweren, die Fahrerlaubnis zur\u00fcckzubekommen. Wer unter 21 Jahre alt ist oder sich noch in der Probezeit befindet, muss auch auf dem Roller die Null-Promillegrenze einhalten. Es wird klar: E-Scooter sind Kraftfahrzeuge und kein Spielzeug. Fans dieses neuen Verkehrsmittels sollten au\u00dferdem daran denken, dass sie nur auf Radwegen, Radfahrstreifen und Fahrradstra\u00dfen fahren d\u00fcrfen \u2013 Gehwege sind tabu. Gibt es keinen Radweg, d\u00fcrfen sie auf die Stra\u00dfe ausweichen.<\/p>\n","protected":false},"excerpt":{"rendered":"<div class=\"tmnf_excerpt\"><p>Auf unserem n\u00e4chsten St\u00e4dtetrip wollen wir uns E-Scooter leihen. Wenn wir abends Alkohol trinken, d\u00fcrfen wir dann noch mit dem Roller zur\u00fcck zur Unterkunft fahren?<\/p>\n<\/div>","protected":false},"author":1,"featured_media":182480,"comment_status":"closed","ping_status":"closed","sticky":false,"template":"","format":"standard","meta":{"footnotes":""},"categories":[1],"tags":[],"class_list":["post-182479","post","type-post","status-publish","format-standard","has-post-thumbnail","hentry","category-startseite"],"_links":{"self":[{"href":"https:\/\/www.fuldaernachrichten.de\/index.php?rest_route=\/wp\/v2\/posts\/182479","targetHints":{"allow":["GET"]}}],"collection":[{"href":"https:\/\/www.fuldaernachrichten.de\/index.php?rest_route=\/wp\/v2\/posts"}],"about":[{"href":"https:\/\/www.fuldaernachrichten.de\/index.php?rest_route=\/wp\/v2\/types\/post"}],"author":[{"embeddable":true,"href":"https:\/\/www.fuldaernachrichten.de\/index.php?rest_route=\/wp\/v2\/users\/1"}],"replies":[{"embeddable":true,"href":"https:\/\/www.fuldaernachrichten.de\/index.php?rest_route=%2Fwp%2Fv2%2Fcomments&post=182479"}],"version-history":[{"count":2,"href":"https:\/\/www.fuldaernachrichten.de\/index.php?rest_route=\/wp\/v2\/posts\/182479\/revisions"}],"predecessor-version":[{"id":182482,"href":"https:\/\/www.fuldaernachrichten.de\/index.php?rest_route=\/wp\/v2\/posts\/182479\/revisions\/182482"}],"wp:featuredmedia":[{"embeddable":true,"href":"https:\/\/www.fuldaernachrichten.de\/index.php?rest_route=\/wp\/v2\/media\/182480"}],"wp:attachment":[{"href":"https:\/\/www.fuldaernachrichten.de\/index.php?rest_route=%2Fwp%2Fv2%2Fmedia&parent=182479"}],"wp:term":[{"taxonomy":"category","embeddable":true,"href":"https:\/\/www.fuldaernachrichten.de\/index.php?rest_route=%2Fwp%2Fv2%2Fcategories&post=182479"},{"taxonomy":"post_tag","embeddable":true,"href":"https:\/\/www.fuldaernachrichten.de\/index.php?rest_route=%2Fwp%2Fv2%2Ftags&post=182479"}],"curies":[{"name":"wp","href":"https:\/\/api.w.org\/{rel}","templated":true}]}}