{"id":18246,"date":"2008-12-26T04:37:41","date_gmt":"2008-12-26T03:37:41","guid":{"rendered":"http:\/\/www.schoene-nachrichten.de\/?p=18246"},"modified":"2008-12-25T04:37:58","modified_gmt":"2008-12-25T03:37:58","slug":"vorbilder-kinostart-26022009","status":"publish","type":"post","link":"https:\/\/www.fuldaernachrichten.de\/?p=18246","title":{"rendered":"Vorbilder?! &#8211; Kinostart: 26.02.2009"},"content":{"rendered":"<p><strong><a href=\"http:\/\/www.schoene-nachrichten.de\/wp-content\/uploads\/2008\/12\/081225_vorbild.jpg\"><img decoding=\"async\" class=\"alignleft size-medium wp-image-18247\" title=\"081225_vorbild\" src=\"http:\/\/www.schoene-nachrichten.de\/wp-content\/uploads\/2008\/12\/081225_vorbild-265x175.jpg\" alt=\"081225_vorbild\" width=\"265\" height=\"175\" srcset=\"https:\/\/www.fuldaernachrichten.de\/wp-content\/uploads\/2008\/12\/081225_vorbild-265x175.jpg 265w, https:\/\/www.fuldaernachrichten.de\/wp-content\/uploads\/2008\/12\/081225_vorbild.jpg 800w\" sizes=\"(max-width: 265px) 100vw, 265px\" \/><\/a>Kino. <\/strong>Abgesehen davon, dass beide gemeinsam als Energy-Drink-Promoter unterwegs sind, k\u00f6nnten Danny (Paul Rudd) und Wheeler (Seann William Scott) kaum unterschiedlicher sein. Der eine tr\u00e4gt Anzug, der andere ein Stierkost\u00fcm, dem einen ist alles l\u00e4stig, der andere lebt einzig und allein f\u00fcr den Spa\u00df. Nach einer missgl\u00fcckten Fahrerflucht vor dem Abschleppdienst werden die zwei zu 150 Sozialstunden bei einem Mentorenprogramm f\u00fcr Kinder und Jugendliche verurteilt. Vollzeit-Neurotiker Danny wird dem 16-j\u00e4hrigen Augie (Christopher Mintz- Plasse) zur Seite gestellt, der sich v\u00f6llig in einem mittelalterlichen Rollenspiel verloren hat, und Schweren\u00f6ter Wheeler bekommt es mit dem F\u00fcnftkl\u00e4ssler und fr\u00fchreifen Fr\u00fcchtchen Ronnie (Bobb\u00e2\u20ac\u2122e J. Thompson) zu tun, der weder sein Mundwerk noch seine jungen Triebe unter Kontrolle hat. Es braucht eine Zeit, bis sie sich auf die Herausforderung einlassen, aber irgendwann wird klar, dass man kaum noch auseinanderhalten kann, wer hier wem beim Erwachsenwerden hilft.<\/p>\n","protected":false},"excerpt":{"rendered":"<div class=\"tmnf_excerpt\"><p>Kino. Abgesehen davon, dass beide gemeinsam als Energy-Drink-Promoter unterwegs sind, k\u00f6nnten Danny (Paul Rudd) und Wheeler (Seann William Scott) kaum unterschiedlicher sein. Der eine tr\u00e4gt Anzug, der andere ein Stierkost\u00fcm, dem einen ist alles l\u00e4stig, der andere lebt einzig und allein f\u00fcr den Spa\u00df. Nach einer missgl\u00fcckten Fahrerflucht vor dem Abschleppdienst werden die zwei zu &hellip;<\/p>\n<\/div>","protected":false},"author":1,"featured_media":0,"comment_status":"closed","ping_status":"closed","sticky":false,"template":"","format":"standard","meta":{"footnotes":""},"categories":[1,79],"tags":[],"class_list":["post-18246","post","type-post","status-publish","format-standard","hentry","category-startseite","category-kino"],"_links":{"self":[{"href":"https:\/\/www.fuldaernachrichten.de\/index.php?rest_route=\/wp\/v2\/posts\/18246","targetHints":{"allow":["GET"]}}],"collection":[{"href":"https:\/\/www.fuldaernachrichten.de\/index.php?rest_route=\/wp\/v2\/posts"}],"about":[{"href":"https:\/\/www.fuldaernachrichten.de\/index.php?rest_route=\/wp\/v2\/types\/post"}],"author":[{"embeddable":true,"href":"https:\/\/www.fuldaernachrichten.de\/index.php?rest_route=\/wp\/v2\/users\/1"}],"replies":[{"embeddable":true,"href":"https:\/\/www.fuldaernachrichten.de\/index.php?rest_route=%2Fwp%2Fv2%2Fcomments&post=18246"}],"version-history":[{"count":2,"href":"https:\/\/www.fuldaernachrichten.de\/index.php?rest_route=\/wp\/v2\/posts\/18246\/revisions"}],"predecessor-version":[{"id":18251,"href":"https:\/\/www.fuldaernachrichten.de\/index.php?rest_route=\/wp\/v2\/posts\/18246\/revisions\/18251"}],"wp:attachment":[{"href":"https:\/\/www.fuldaernachrichten.de\/index.php?rest_route=%2Fwp%2Fv2%2Fmedia&parent=18246"}],"wp:term":[{"taxonomy":"category","embeddable":true,"href":"https:\/\/www.fuldaernachrichten.de\/index.php?rest_route=%2Fwp%2Fv2%2Fcategories&post=18246"},{"taxonomy":"post_tag","embeddable":true,"href":"https:\/\/www.fuldaernachrichten.de\/index.php?rest_route=%2Fwp%2Fv2%2Ftags&post=18246"}],"curies":[{"name":"wp","href":"https:\/\/api.w.org\/{rel}","templated":true}]}}