{"id":182452,"date":"2019-10-24T08:58:44","date_gmt":"2019-10-24T06:58:44","guid":{"rendered":"http:\/\/fuldaer-nachrichten.de\/?p=182452"},"modified":"2019-10-24T08:58:44","modified_gmt":"2019-10-24T06:58:44","slug":"veranstaltungshinweis-literaturfahrt-nach-giessen","status":"publish","type":"post","link":"https:\/\/www.fuldaernachrichten.de\/?p=182452","title":{"rendered":"Veranstaltungshinweis &#8211; Literaturfahrt nach Gie\u00dfen"},"content":{"rendered":"<p><strong>Literaturfahrt nach Gie\u00dfen<\/strong><\/p>\n<p>&nbsp;<\/p>\n<p>Die VHS der Stadt Fulda veranstaltet am Mittwoch, 30. Oktober, einen literarischen Spaziergang auf den Spuren von Schriftstellern, die in der traditionsreichen Universit\u00e4tsstadt Gie\u00dfen gelebt und gewirkt haben. Bestandteil der Literaturfahrt ist auch eine Stadtf\u00fchrung zu den sehenswerten Geb\u00e4uden.<\/p>\n<p>Die Leitung hat Jutta Sporer, Literaturbeauftragte der VHS. Treffpunkt ist am Reisezentrum am Bahnhof Fulda um 8.45 Uhr, R\u00fcckkehr 19.00 Uhr. Kosten 30,00 \u00e2\u201a\u00ac. Auskunft und Anmeldung \u00fcber die vhs-Gesch\u00e4ftsstelle, Unterm Hl. Kreuz 1, Telefon 0661\/102-1477 oder -1474. <strong>Anmeldeschluss ist am 28.10.2019.<\/strong><\/p>\n","protected":false},"excerpt":{"rendered":"<div class=\"tmnf_excerpt\"><p>Literaturfahrt nach Gie\u00dfen &nbsp; Die VHS der Stadt Fulda veranstaltet am Mittwoch, 30. Oktober, einen literarischen Spaziergang auf den Spuren von Schriftstellern, die in der traditionsreichen Universit\u00e4tsstadt Gie\u00dfen gelebt und gewirkt haben. Bestandteil der Literaturfahrt ist auch eine Stadtf\u00fchrung zu den sehenswerten Geb\u00e4uden. Die Leitung hat Jutta Sporer, Literaturbeauftragte der VHS. Treffpunkt ist am Reisezentrum &hellip;<\/p>\n<\/div>","protected":false},"author":1,"featured_media":0,"comment_status":"closed","ping_status":"closed","sticky":false,"template":"","format":"standard","meta":{"footnotes":""},"categories":[1],"tags":[],"class_list":["post-182452","post","type-post","status-publish","format-standard","hentry","category-startseite"],"_links":{"self":[{"href":"https:\/\/www.fuldaernachrichten.de\/index.php?rest_route=\/wp\/v2\/posts\/182452","targetHints":{"allow":["GET"]}}],"collection":[{"href":"https:\/\/www.fuldaernachrichten.de\/index.php?rest_route=\/wp\/v2\/posts"}],"about":[{"href":"https:\/\/www.fuldaernachrichten.de\/index.php?rest_route=\/wp\/v2\/types\/post"}],"author":[{"embeddable":true,"href":"https:\/\/www.fuldaernachrichten.de\/index.php?rest_route=\/wp\/v2\/users\/1"}],"replies":[{"embeddable":true,"href":"https:\/\/www.fuldaernachrichten.de\/index.php?rest_route=%2Fwp%2Fv2%2Fcomments&post=182452"}],"version-history":[{"count":1,"href":"https:\/\/www.fuldaernachrichten.de\/index.php?rest_route=\/wp\/v2\/posts\/182452\/revisions"}],"predecessor-version":[{"id":182453,"href":"https:\/\/www.fuldaernachrichten.de\/index.php?rest_route=\/wp\/v2\/posts\/182452\/revisions\/182453"}],"wp:attachment":[{"href":"https:\/\/www.fuldaernachrichten.de\/index.php?rest_route=%2Fwp%2Fv2%2Fmedia&parent=182452"}],"wp:term":[{"taxonomy":"category","embeddable":true,"href":"https:\/\/www.fuldaernachrichten.de\/index.php?rest_route=%2Fwp%2Fv2%2Fcategories&post=182452"},{"taxonomy":"post_tag","embeddable":true,"href":"https:\/\/www.fuldaernachrichten.de\/index.php?rest_route=%2Fwp%2Fv2%2Ftags&post=182452"}],"curies":[{"name":"wp","href":"https:\/\/api.w.org\/{rel}","templated":true}]}}