{"id":182432,"date":"2019-10-20T21:35:28","date_gmt":"2019-10-20T19:35:28","guid":{"rendered":"http:\/\/fuldaer-nachrichten.de\/?p=182432"},"modified":"2019-10-23T21:36:57","modified_gmt":"2019-10-23T19:36:57","slug":"mitsingen-auf-zeit-im-kirchenchor-tann-4","status":"publish","type":"post","link":"https:\/\/www.fuldaernachrichten.de\/?p=182432","title":{"rendered":"\u201eMitsingen auf Zeit\u201c im Kirchenchor Tann"},"content":{"rendered":"<p>Der Kirchenchor Tann l\u00e4dt im November und Dezember zum \u201eMitsingen auf Zeit\u201c ein. Dieses Angebot richtet sich an S\u00e4ngerinnen und S\u00e4nger, die sich nicht auf Dauer an ein Ensemble binden k\u00f6nnen, aber in einer kompakten Probenphase ein Programm f\u00fcr die Advents- und Weihnachtszeit erarbeiten und auff\u00fchren m\u00f6chten, z. B.:<\/p>\n<p>Samstag, 7. Dezember 2019: Vorabendmesse in der St. Elisabeth-Kirche Lahrbach (18 Uhr)<br \/>\nSonntag, 22. Dezember 2019: \u201eAdventsmusik bei Kerzenschein\u201c in der Stadtkirche Tann (4. Advent, 18 Uhr)<br \/>\nDienstag, 24. Dezember 2019: Christmette am Heiligabend in der Stadtkirche Tann (22 Uhr)<br \/>\nSonntag, 5. Januar 2020: Er\u00f6ffnung des Jubil\u00e4umsjahres \u201eBach 2020\u201c in der Stadtkirche Tann (17 Uhr)<\/p>\n<p>Die Proben finden an den Montagen im November (4., 11., 18., 25.) und Dezember (2., 9., 16., 23.) jeweils um 19:30 Uhr in der Aula des Hauses \u201eNoah\u201c (Rh\u00f6nstra\u00dfe 28) statt.<\/p>\n<p>Auf dem Programm stehen Werke adventlicher und weihnachtlicher Pr\u00e4gung, darunter die Kantate \u201eMache dich auf, werde licht\u201c des \u201eTanner Bach\u201c, Johann Michael Bach (1745-1820), die zur Er\u00f6ffnung des Jubil\u00e4umsjahres \u201eBach 2020\u201c am 5. Januar 2020 erklingen soll.<\/p>\n<p>Beim \u201eMitsingen auf Zeit\u201c kann grunds\u00e4tzlich jeder mitmachen, der auch die Proben besuchen kann. Notenkenntnisse sind von Vorteil, aber nicht zwingend erforderlich. Auf Wunsch werden die Noten vorab zugeschickt.<\/p>\n<p>Infos gibt, Fragen beantwortet und Anmeldungen nimmt Susanna Leubecher entgegen \u00fcber eMail (Kirchenchor.Tann@gmx.de) und Telefon (06682-8966). Die musikalische Leitung hat Kantor Thomas N\u00fcdling.<\/p>\n","protected":false},"excerpt":{"rendered":"<div class=\"tmnf_excerpt\"><p>Der Kirchenchor Tann l\u00e4dt im November und Dezember zum \u201eMitsingen auf Zeit\u201c ein. Dieses Angebot richtet sich an S\u00e4ngerinnen und S\u00e4nger, die sich nicht auf Dauer an ein Ensemble binden k\u00f6nnen, aber in einer kompakten Probenphase ein Programm f\u00fcr die Advents- und Weihnachtszeit erarbeiten und auff\u00fchren m\u00f6chten, z. B.: Samstag, 7. Dezember 2019: Vorabendmesse in &hellip;<\/p>\n<\/div>","protected":false},"author":1,"featured_media":182433,"comment_status":"closed","ping_status":"closed","sticky":false,"template":"","format":"standard","meta":{"footnotes":""},"categories":[1],"tags":[],"class_list":["post-182432","post","type-post","status-publish","format-standard","has-post-thumbnail","hentry","category-startseite"],"_links":{"self":[{"href":"https:\/\/www.fuldaernachrichten.de\/index.php?rest_route=\/wp\/v2\/posts\/182432","targetHints":{"allow":["GET"]}}],"collection":[{"href":"https:\/\/www.fuldaernachrichten.de\/index.php?rest_route=\/wp\/v2\/posts"}],"about":[{"href":"https:\/\/www.fuldaernachrichten.de\/index.php?rest_route=\/wp\/v2\/types\/post"}],"author":[{"embeddable":true,"href":"https:\/\/www.fuldaernachrichten.de\/index.php?rest_route=\/wp\/v2\/users\/1"}],"replies":[{"embeddable":true,"href":"https:\/\/www.fuldaernachrichten.de\/index.php?rest_route=%2Fwp%2Fv2%2Fcomments&post=182432"}],"version-history":[{"count":1,"href":"https:\/\/www.fuldaernachrichten.de\/index.php?rest_route=\/wp\/v2\/posts\/182432\/revisions"}],"predecessor-version":[{"id":182434,"href":"https:\/\/www.fuldaernachrichten.de\/index.php?rest_route=\/wp\/v2\/posts\/182432\/revisions\/182434"}],"wp:featuredmedia":[{"embeddable":true,"href":"https:\/\/www.fuldaernachrichten.de\/index.php?rest_route=\/wp\/v2\/media\/182433"}],"wp:attachment":[{"href":"https:\/\/www.fuldaernachrichten.de\/index.php?rest_route=%2Fwp%2Fv2%2Fmedia&parent=182432"}],"wp:term":[{"taxonomy":"category","embeddable":true,"href":"https:\/\/www.fuldaernachrichten.de\/index.php?rest_route=%2Fwp%2Fv2%2Fcategories&post=182432"},{"taxonomy":"post_tag","embeddable":true,"href":"https:\/\/www.fuldaernachrichten.de\/index.php?rest_route=%2Fwp%2Fv2%2Ftags&post=182432"}],"curies":[{"name":"wp","href":"https:\/\/api.w.org\/{rel}","templated":true}]}}