{"id":182411,"date":"2019-10-22T08:21:36","date_gmt":"2019-10-22T06:21:36","guid":{"rendered":"http:\/\/fuldaer-nachrichten.de\/?p=182411"},"modified":"2019-10-22T08:21:36","modified_gmt":"2019-10-22T06:21:36","slug":"fussball-schweisst-zusammen-trikotuebergabe-an-25-fussballer-des-integrationsprojekts-der-malteser","status":"publish","type":"post","link":"https:\/\/www.fuldaernachrichten.de\/?p=182411","title":{"rendered":"Fu\u00dfball schwei\u00dft zusammen &#8211; Trikot\u00fcbergabe an 25 Fu\u00dfballer des Integrationsprojekts der Malteser"},"content":{"rendered":"<p>h\u00e4tte wohl niemand gedacht, dass aus einem Integrationsprojekt der Malteser f\u00fcr gefl\u00fcchtete Menschen, eine eigene und erfolgreiche Fu\u00dfballmannschaft werden kann. Drei Jahre sp\u00e4ter ist die Mannschaft an den DAFKS KONTAKT Fulda e.V. angegliedert worden. \u201eZiel des Projekts ist es, die Menschen aus anderen L\u00e4ndern an unsere Kultur heranzuf\u00fchren. Dazu geh\u00f6rt auch das Kennenlernen von Vereinssturkturen\u201c, erkl\u00e4rt Inga Reith, Referentin soziales Ehrenamt und Referentin Integrationsdienste bei den Maltesern.<!--more--><\/p>\n<p>Mittlerweile spielen die 25 Fu\u00dfballer aus Afghanistan, Iran, Nigeria, Utopia und Deutsch-land in der C Liga Rh\u00f6n. Die Trainer Ismail Asimi und Andreas Riedinger sind voller stolz auf ihre Mannschaft. \u201eWir haben schon richtig viel geschafft und in dieser Saison drei Spiele gewonnen, zwei unentschieden gespielt und zwei verloren \u201c, so Asimi. Das Bistum Fulda und Constantin von Brandenstein, der bis Juni 2018 ehrenamtlicher Pr\u00e4sident der Malteser war, unterst\u00fctzen die Mannschaft und finanzierten die neuen Trikots des FC International Fulda.<\/p>\n<p>Bischof Dr. Michael Gerber lie\u00df es sich nicht nehmen, die Trikots an die Spieler zu \u00fcbergeben. \u201eIch freue mich, dass wir euch unterst\u00fctzen k\u00f6nnen\u201c, so Bischof Gerber. Der einige Spieler bereits aus anderen Projekten der Malteser kannte. Begeistert zeigte er sich auch von der Freude der Spieler an ihren neuen Trikots. Zum Dank f\u00fcr die Unterst\u00fctzung erhielten der Bischof und Thomas Peffermann, Gesch\u00e4ftsf\u00fchrer des Malteser Hilfsdienstes Fulda, der in Vertretung f\u00fcr Constantin von Brandenstein zur \u00dcbergabe gekommen war, ihr eigenes Trikot. \u201eToll, das kann ich beim Joggen tragen\u201c, freute sich Bischof Gerber. Bei den vom Bistum Fulda gesponserten Fu\u00dfballern handelt es sich vorwiegend um Angeh\u00f6rige muslimischen Glaubens. Die Unterst\u00fctzung dieser Fu\u00dfballmannschaft sei &#8211; so Bischof Gerber &#8211; ein Projekt, das helfe, damit Gefl\u00fcchtete unterschiedlicher Glaubensrichtung in unsere Gesellschaft hineinfinden k\u00f6nnten. Ebenfalls bei der \u00dcbergabe dabei waren Inga Reith und Winfried J\u00e4ger, Pr\u00e4sident des DAFKS Fulda, die \u00fcber das Projekt und die Entstehung der Mannschaft berichteten. Mit diesem Treffen hat der FC International Fulda nun einen weiteren gro\u00dfen Fan.<\/p>\n","protected":false},"excerpt":{"rendered":"<div class=\"tmnf_excerpt\"><p>h\u00e4tte wohl niemand gedacht, dass aus einem Integrationsprojekt der Malteser f\u00fcr gefl\u00fcchtete Menschen, eine eigene und erfolgreiche Fu\u00dfballmannschaft werden kann. Drei Jahre sp\u00e4ter ist die Mannschaft an den DAFKS KONTAKT Fulda e.V. angegliedert worden. \u201eZiel des Projekts ist es, die Menschen aus anderen L\u00e4ndern an unsere Kultur heranzuf\u00fchren. Dazu geh\u00f6rt auch das Kennenlernen von Vereinssturkturen\u201c, &hellip;<\/p>\n<\/div>","protected":false},"author":1,"featured_media":182412,"comment_status":"closed","ping_status":"closed","sticky":false,"template":"","format":"standard","meta":{"footnotes":""},"categories":[1],"tags":[],"class_list":["post-182411","post","type-post","status-publish","format-standard","has-post-thumbnail","hentry","category-startseite"],"_links":{"self":[{"href":"https:\/\/www.fuldaernachrichten.de\/index.php?rest_route=\/wp\/v2\/posts\/182411","targetHints":{"allow":["GET"]}}],"collection":[{"href":"https:\/\/www.fuldaernachrichten.de\/index.php?rest_route=\/wp\/v2\/posts"}],"about":[{"href":"https:\/\/www.fuldaernachrichten.de\/index.php?rest_route=\/wp\/v2\/types\/post"}],"author":[{"embeddable":true,"href":"https:\/\/www.fuldaernachrichten.de\/index.php?rest_route=\/wp\/v2\/users\/1"}],"replies":[{"embeddable":true,"href":"https:\/\/www.fuldaernachrichten.de\/index.php?rest_route=%2Fwp%2Fv2%2Fcomments&post=182411"}],"version-history":[{"count":1,"href":"https:\/\/www.fuldaernachrichten.de\/index.php?rest_route=\/wp\/v2\/posts\/182411\/revisions"}],"predecessor-version":[{"id":182413,"href":"https:\/\/www.fuldaernachrichten.de\/index.php?rest_route=\/wp\/v2\/posts\/182411\/revisions\/182413"}],"wp:featuredmedia":[{"embeddable":true,"href":"https:\/\/www.fuldaernachrichten.de\/index.php?rest_route=\/wp\/v2\/media\/182412"}],"wp:attachment":[{"href":"https:\/\/www.fuldaernachrichten.de\/index.php?rest_route=%2Fwp%2Fv2%2Fmedia&parent=182411"}],"wp:term":[{"taxonomy":"category","embeddable":true,"href":"https:\/\/www.fuldaernachrichten.de\/index.php?rest_route=%2Fwp%2Fv2%2Fcategories&post=182411"},{"taxonomy":"post_tag","embeddable":true,"href":"https:\/\/www.fuldaernachrichten.de\/index.php?rest_route=%2Fwp%2Fv2%2Ftags&post=182411"}],"curies":[{"name":"wp","href":"https:\/\/api.w.org\/{rel}","templated":true}]}}