{"id":182385,"date":"2019-10-21T20:43:18","date_gmt":"2019-10-21T18:43:18","guid":{"rendered":"http:\/\/fuldaer-nachrichten.de\/?p=182385"},"modified":"2019-10-21T20:43:48","modified_gmt":"2019-10-21T18:43:48","slug":"ein-garten-fuer-vieles-mitten-in-den-erlen","status":"publish","type":"post","link":"https:\/\/www.fuldaernachrichten.de\/?p=182385","title":{"rendered":"Ein Garten f\u00fcr viele(s) mitten in den Erlen"},"content":{"rendered":"<p>Ganz unbekannt ist er nicht mehr, der Gemeinschaftsgarten in der N\u00e4he der Alsfelder Erlen, werden hier doch schon Parzellen als Route-55-Garten bewirtschaftet oder sind Anlaufstelle f\u00fcr die Kinder und Jugendlichen der Tagesbetreuung des famlienentlastenden Dienstes des Roten Kreuzes. Eine ganze Sommerfreizeit verbrachten die jungen Bewohnerinnen und Bewohner des Kinderhauses Panama auf dem 2.500 qm gro\u00dfen Areal, und auch eine V\u00e4tergruppe schaut ab und zu dort vorbei, doch noch immer gibt es freies Land auf dem Grundst\u00fcck, f\u00fcr das die P\u00e4chter Hans-Dieter Lange und Margit Enderer jetzt gerne weitere Gartenfreunde gewinnen m\u00f6chten.<!--more--><\/p>\n<p>\u201eNeben Privatpersonen, die naturverbunden und nat\u00fcrlich auch flei\u00dfige G\u00e4rtner sein sollten, k\u00f6nnen wir uns auch weitere Gruppen und Vereine hier vorstellen\u201c, so Lange und Enderer, die mit den bisherigen Gruppen sehr gute Erfahrungen gemacht haben. \u201eOft m\u00f6chten Kinder gern g\u00e4rtnern, und was gibt es Sch\u00f6neres, als ihnen den Wert von Nahrungsmitteln zu verdeutlichen, indem sie selbst an deren Wachsen und Gedeihen beteiligt sind?\u201c So b\u00f6te sich der Garten auch als Schulgarten an, genauso wie als Treffpunkt f\u00fcr Gruppen, die hier neben dem geselligen Beisammensein auch gesellig oder in Ruhe g\u00e4rtnern wollen. \u201eWir hatten Gl\u00fcck, dass wir dieses St\u00fcck Land \u00fcbernehmen konnten, aber nat\u00fcrlich k\u00f6nnen wir es nicht allein bewirtschaften \u2013 und warum sollten wir auch\u201c, war sich das Ehepaar schnell einig, \u201eschlie\u00dflich ist gemeinschaftliches Tun viel sch\u00f6ner.\u201c<\/p>\n<p>Vertragliche Verpflichtungen gibt es f\u00fcr die Gruppen, die derzeit schon im Garten aktiv sind, keine, allerdings sollte man, wenn man sich entschlie\u00dft, zu den Menschen im Gemeinschaftsgarten zu sto\u00dfen, auch einen Sinn daf\u00fcr haben, dass es sich um ein Geben und Nehmen handelt, f\u00fcr das man sich verantwortungsvoll entscheidet. \u201eUnser Garten ist keineswegs geleckt und durchgeplant, aber er ist sch\u00f6n und einladend. Wer als G\u00e4rtner zu uns st\u00f6\u00dft, kann den Garten kostenlos nutzen, aber er muss hier eben auch t\u00e4tig werden und daf\u00fcr sorgen, dass er nicht verkommt.\u201c Und man muss eben auch R\u00fccksicht auf die anderen G\u00e4rtner und Gruppen nehmen, auch wenn die Gr\u00f6\u00dfe des Gartens es durchaus zul\u00e4sst, dass hier viele Menschen gleichzeitig sind.<\/p>\n<p>\u201eDieser Garten kann alles bieten\u201c, schw\u00e4rmt Margit Enderer, \u201eErholung beim G\u00e4rtnern, sinnvolles Tun beim Anbauen von Nahrungsmitteln und auch Treffpunkt f\u00fcr eindn kleinen oder gro\u00dfen Plausch.\u201c \u201eAu\u00dferdem ist man inmitten vieler Gartenfreunde auch als Neuling gut aufgehoben\u201c, erg\u00e4nzt Hans-Dieter Lange, \u201eda kriegt man sicher auf jede Frage eine Antwort.\u201c Wer Interesse an dem Garten hat, der kann sich mit Hans-Dieter Lange und Margit Enderer in Verbindung setzen (0160 97738856 oder enwala@t-online.de). \u201eUnd noch etwas\u201c, f\u00fcgt die begeisterte G\u00e4rtnerin Margit Enderer hinzu: \u201eAuch jetzt im Herbst gibt es im Garten viel zu tun und es ist wundersch\u00f6n dort!\u201c<\/p>\n","protected":false},"excerpt":{"rendered":"<div class=\"tmnf_excerpt\"><p>Ganz unbekannt ist er nicht mehr, der Gemeinschaftsgarten in der N\u00e4he der Alsfelder Erlen, werden hier doch schon Parzellen als Route-55-Garten bewirtschaftet oder sind Anlaufstelle f\u00fcr die Kinder und Jugendlichen der Tagesbetreuung des famlienentlastenden Dienstes des Roten Kreuzes. Eine ganze Sommerfreizeit verbrachten die jungen Bewohnerinnen und Bewohner des Kinderhauses Panama auf dem 2.500 qm gro\u00dfen &hellip;<\/p>\n<\/div>","protected":false},"author":1,"featured_media":182386,"comment_status":"closed","ping_status":"closed","sticky":false,"template":"","format":"standard","meta":{"footnotes":""},"categories":[1],"tags":[],"class_list":["post-182385","post","type-post","status-publish","format-standard","has-post-thumbnail","hentry","category-startseite"],"_links":{"self":[{"href":"https:\/\/www.fuldaernachrichten.de\/index.php?rest_route=\/wp\/v2\/posts\/182385","targetHints":{"allow":["GET"]}}],"collection":[{"href":"https:\/\/www.fuldaernachrichten.de\/index.php?rest_route=\/wp\/v2\/posts"}],"about":[{"href":"https:\/\/www.fuldaernachrichten.de\/index.php?rest_route=\/wp\/v2\/types\/post"}],"author":[{"embeddable":true,"href":"https:\/\/www.fuldaernachrichten.de\/index.php?rest_route=\/wp\/v2\/users\/1"}],"replies":[{"embeddable":true,"href":"https:\/\/www.fuldaernachrichten.de\/index.php?rest_route=%2Fwp%2Fv2%2Fcomments&post=182385"}],"version-history":[{"count":1,"href":"https:\/\/www.fuldaernachrichten.de\/index.php?rest_route=\/wp\/v2\/posts\/182385\/revisions"}],"predecessor-version":[{"id":182387,"href":"https:\/\/www.fuldaernachrichten.de\/index.php?rest_route=\/wp\/v2\/posts\/182385\/revisions\/182387"}],"wp:featuredmedia":[{"embeddable":true,"href":"https:\/\/www.fuldaernachrichten.de\/index.php?rest_route=\/wp\/v2\/media\/182386"}],"wp:attachment":[{"href":"https:\/\/www.fuldaernachrichten.de\/index.php?rest_route=%2Fwp%2Fv2%2Fmedia&parent=182385"}],"wp:term":[{"taxonomy":"category","embeddable":true,"href":"https:\/\/www.fuldaernachrichten.de\/index.php?rest_route=%2Fwp%2Fv2%2Fcategories&post=182385"},{"taxonomy":"post_tag","embeddable":true,"href":"https:\/\/www.fuldaernachrichten.de\/index.php?rest_route=%2Fwp%2Fv2%2Ftags&post=182385"}],"curies":[{"name":"wp","href":"https:\/\/api.w.org\/{rel}","templated":true}]}}